{"id":11121,"date":"2019-12-17T13:52:49","date_gmt":"2019-12-17T12:52:49","guid":{"rendered":"https:\/\/www.rausch-packaging.com\/blog\/uncategorized\/verbot-von-kunststoff-tragetaschen-was-sie-jetzt-wissen-muessen\/"},"modified":"2023-03-23T12:16:37","modified_gmt":"2023-03-23T11:16:37","slug":"verbot-kunststoff-tragetaschen-alternativen","status":"publish","type":"post","link":"https:\/\/www.rausch-packaging.com\/blog\/at\/nachhaltigkeit\/verbot-kunststoff-tragetaschen-alternativen\/","title":{"rendered":"Verbot von Kunststoff-Tragetaschen \u2013 was Sie jetzt wissen m\u00fcssen"},"content":{"rendered":"<div class=\"wpb-content-wrapper\"><p>[vc_row][vc_column]<section class=\"shortcode-teaser img-full\"><div class=\"shortcode-teaser-content text-big\"><div class=\"postTitle\">\n<h2>Informationen zum Verbot ab 1.1.2020 und Ihren Alternativen<\/h2>\n<\/div>\n<div class=\"postContent\">\n<p><strong>Seit dem 1. Januar 2020 d\u00fcrfen in \u00d6sterreich Kunststoff-Tragetaschen nicht mehr vertrieben werden. Die \u00dcbergangsfrist f\u00fcr die Ausgabe an Endverbraucher betr\u00e4gt 12 Monate. Wir haben f\u00fcr Sie die wichtigsten Informationen zusammengestellt und zeigen Ihnen, welche Taschen Sie alternativ verwenden k\u00f6nnen.<\/strong><\/p>\n<\/div>\n<\/div><\/section><div id=\"ultimate-heading-9578691deb776c78c\" class=\"uvc-heading ult-adjust-bottom-margin ultimate-heading-9578691deb776c78c uvc-149  uvc-heading-default-font-sizes\" data-hspacer=\"no_spacer\"  data-halign=\"center\" style=\"text-align:center\"><div class=\"uvc-heading-spacer no_spacer\" style=\"top\"><\/div><\/div>[vc_empty_space][vc_column_text]Der \u00f6sterreichische Ministerrat hat bereits Ende 2018 ein Verbot aller Kunststofft\u00fcten beschlossen \u2013 egal welcher Folienst\u00e4rke. Ziel sei es, dadurch ca. 5.000 bis 7.000 Tonnen Kunststoffm\u00fcll pro Jahr einzusparen. Das Verbot gilt nun seit dem 1. Januar 2020 f\u00fcr jeden Betrieb und alle Branchen, wobei Restbest\u00e4nde von Letztvertreibern an Verbraucher noch bis 31.12.2020 ausgegeben werden k\u00f6nnen.[\/vc_column_text][vc_empty_space]<div class=\"standard-arrow bullet-top\"><p><strong>Die Durchf\u00fchrungsverordnung sieht nur wenige, konkrete Ausnahmen vor:<\/strong><\/p>\n<ul>\n<li>sehr leichte Kunststoffsackerl (Wandst\u00e4rke unter 0,015 mm\/ &lt; 15 my), wenn diese\n<ul>\n<li>aus mind. 50% nachwachsenden Rohstoffen hergestellt und<\/li>\n<li>eigenkompostierbar sind (OK Home Compost geeignet)<\/li>\n<\/ul>\n<\/li>\n<li>wiederverwendbare Kunststoff-Tragetaschen, wenn diese\n<ul>\n<li>aus Kunststoffgewebe oder mit Kunststoffanteil und<\/li>\n<li>mit vern\u00e4hten Verbindungen und Tragegriffen sind<\/li>\n<\/ul>\n<\/li>\n<\/ul>\n<\/div>[vc_empty_space height=&#8220;12px&#8220;][vc_column_text]Weitere Details lesen Sie in der <a title=\"Zur AWG-Rechtsbereinigungsnovelle 2019\" href=\"https:\/\/www.ris.bka.gv.at\/Dokumente\/BgblAuth\/BGBLA_2019_I_71\/BGBLA_2019_I_71.pdfsig\" target=\"_blank\" rel=\"noopener\">AWG-Rechtsbereinigungsnovelle 2019<\/a>.[\/vc_column_text][vc_empty_space][vc_column_text]Der Entschluss bedeutet, dass Sie bei RAUSCH seit dem 1. Januar 2020 keine Tragetaschen aus Kunststoff mehr erwerben k\u00f6nnen. Sie haben alternativ die Wahl zwischen Einweg-Taschen aus Papier sowie Mehrweg-Taschen aus Baumwolle, rPET oder non-woven-Material:[\/vc_column_text][vc_empty_space][\/vc_column][\/vc_row][vc_row][vc_column width=&#8220;1\/4&#8243;][vc_column_text]<\/p>\n<h5 style=\"text-align: center;\">Tragetaschen<br \/>\naus Papier<\/h5>\n<p>[\/vc_column_text][vc_empty_space height=&#8220;22px&#8220;][vc_single_image image=&#8220;11372&#8243; img_size=&#8220;medium&#8220;][vc_empty_space height=&#8220;42px&#8220;][vc_column_text]<\/p>\n<ul>\n<li>aus einem nachwachsenden und nat\u00fcrlichen Rohstoff<\/li>\n<li>100 % recyclingf\u00e4hig<\/li>\n<li>aus Kraftpapier: stabil und belastbar<\/li>\n<\/ul>\n<p>[\/vc_column_text][vc_empty_space height=&#8220;22px&#8220;][\/vc_column][vc_column width=&#8220;1\/4&#8243;][vc_column_text]<\/p>\n<h5 style=\"text-align: center;\">Mehrweg-Tragetaschen aus Baumwolle<\/h5>\n<p>[\/vc_column_text][vc_empty_space height=&#8220;22px&#8220;][vc_single_image image=&#8220;11366&#8243; img_size=&#8220;medium&#8220;][vc_empty_space height=&#8220;22px&#8220;][vc_column_text]<\/p>\n<ul>\n<li>aus einem nachwachsenden und nat\u00fcrlichen Rohstoff<\/li>\n<li>langlebig<\/li>\n<li>waschbar<\/li>\n<\/ul>\n<p>[\/vc_column_text][vc_empty_space height=&#8220;22px&#8220;][\/vc_column][vc_column width=&#8220;1\/4&#8243;][vc_column_text]<\/p>\n<h5 style=\"text-align: center;\">Mehrweg-Tragetaschen non-woven<\/h5>\n<p>[\/vc_column_text][vc_empty_space height=&#8220;22px&#8220;][vc_single_image image=&#8220;11369&#8243; img_size=&#8220;medium&#8220;][vc_empty_space height=&#8220;42px&#8220;][vc_column_text]<\/p>\n<ul>\n<li>textile Optik<\/li>\n<li>rei\u00dffest<\/li>\n<li>abwischbar und spritzwasserfest<\/li>\n<\/ul>\n<p>[\/vc_column_text][vc_empty_space height=&#8220;22px&#8220;][\/vc_column][vc_column width=&#8220;1\/4&#8243;][vc_column_text]<\/p>\n<h5 style=\"text-align: center;\">Individuelle Mehrweg-Tragetasche 100 % rPET<\/h5>\n<p>[\/vc_column_text][vc_empty_space height=&#8220;22px&#8220;][vc_single_image image=&#8220;11361&#8243; img_size=&#8220;medium&#8220;][vc_empty_space height=&#8220;42px&#8220;][vc_column_text]<\/p>\n<ul>\n<li>aus recyceltem PET<\/li>\n<li>robustes, rei\u00dffestes Material<\/li>\n<li>bereits 3.000 St\u00fcck bedruckbar<\/li>\n<\/ul>\n<p>[\/vc_column_text][vc_empty_space height=&#8220;22px&#8220;][\/vc_column][\/vc_row][vc_row][vc_column width=&#8220;1\/4&#8243;]<style type=\"text\/css\" data-type=\"the7_shortcodes-inline-css\">#default-btn-547ae73e2c3c0284464c6866b4fbc958.ico-right-side > i {\n  margin-right: 0px;\n  margin-left: 8px;\n}\n#default-btn-547ae73e2c3c0284464c6866b4fbc958 > i {\n  margin-right: 8px;\n}<\/style><a href=\"https:\/\/www.rausch-packaging.com\/at\/unsere-produkte\/beutel-und-tragetaschen\/tragetaschen\/papiertragetaschen\/\" class=\"default-btn-shortcode dt-btn dt-btn-s link-hover-off dt-btn-s dt-btn post-details details-type-btn btn-inline-left  vc_custom_1678787062093\" target=\"_blank\" id=\"default-btn-547ae73e2c3c0284464c6866b4fbc958\" title=\"Zu den Papier-Tragetaschen\" rel=\"noopener\"><span>Zu den Papiertrage-Taschen<\/span><\/a>[\/vc_column][vc_column width=&#8220;1\/4&#8243;]<style type=\"text\/css\" data-type=\"the7_shortcodes-inline-css\">#default-btn-2b65ea026aa20925f4aaeebd3f0ecc84.ico-right-side > i {\n  margin-right: 0px;\n  margin-left: 8px;\n}\n#default-btn-2b65ea026aa20925f4aaeebd3f0ecc84 > i {\n  margin-right: 8px;\n}<\/style><a href=\"https:\/\/www.rausch-packaging.com\/at\/mehrweg-tragetasche-baumwolle\" class=\"default-btn-shortcode dt-btn dt-btn-s link-hover-off dt-btn-s dt-btn post-details details-type-btn btn-inline-left  vc_custom_1678787085543\" target=\"_blank\" id=\"default-btn-2b65ea026aa20925f4aaeebd3f0ecc84\" title=\"Zur Baumwoll-Tragetasche\" rel=\"noopener\"><span>Zur Baumwoll-Tragetasche<\/span><\/a>[\/vc_column][vc_column width=&#8220;1\/4&#8243;]<style type=\"text\/css\" data-type=\"the7_shortcodes-inline-css\">#default-btn-b46b95b0f6d3b8e457c4c2223f43677e.ico-right-side > i {\n  margin-right: 0px;\n  margin-left: 8px;\n}\n#default-btn-b46b95b0f6d3b8e457c4c2223f43677e > i {\n  margin-right: 8px;\n}<\/style><a href=\"https:\/\/www.rausch-packaging.com\/at\/unsere-produkte\/beutel-und-tragetaschen\/tragetaschen\/mehrwegtaschen\/\" class=\"default-btn-shortcode dt-btn dt-btn-s link-hover-off dt-btn-s dt-btn post-details details-type-btn btn-inline-left  vc_custom_1678786920717\" target=\"_blank\" id=\"default-btn-b46b95b0f6d3b8e457c4c2223f43677e\" title=\"Zur non-woven Tragetasche\" rel=\"noopener\"><span>Zur non-woven Tragetasche<\/span><\/a>[\/vc_column][vc_column width=&#8220;1\/4&#8243;]<style type=\"text\/css\" data-type=\"the7_shortcodes-inline-css\">#default-btn-060844d8f5ae9d8e6921ede6f073ed62.ico-right-side > i {\n  margin-right: 0px;\n  margin-left: 8px;\n}\n#default-btn-060844d8f5ae9d8e6921ede6f073ed62 > i {\n  margin-right: 8px;\n}<\/style><a href=\"https:\/\/www.rausch-packaging.com\/at\/rpet-recycling-taschen-bedrucken\" class=\"default-btn-shortcode dt-btn dt-btn-s link-hover-off dt-btn-s dt-btn post-details details-type-btn btn-inline-left  vc_custom_1678786993701\" target=\"_blank\" id=\"default-btn-060844d8f5ae9d8e6921ede6f073ed62\" title=\"Zu den Mehrweg-Tragetaschen\" rel=\"noopener\"><span>Zu den Mehrweg-Tragetaschen<\/span><\/a>[\/vc_column][\/vc_row][vc_row][vc_column][vc_empty_space][vc_column_text]Alle Materialien lassen sich sehr gut individualisieren. Mit Ihrem Logo und in Ihrem Design bedruckt machen die Taschen Ihren Namen bekannt und dienen als kosteng\u00fcnstiger Werbetr\u00e4ger. Vor allem bei Mehrweg-Taschen profitieren Sie von dieser Wirkung, kommen die Beutel doch \u00f6fter zum Einsatz (<a title=\"Mehr zu individuellen Verpackungen erfahren\" href=\"https:\/\/www.rausch-packaging.com\/at\/individuelle-verpackungen\" target=\"_blank\" rel=\"noopener\">mehr zu individuellen Verpackungen lesen<\/a>).[\/vc_column_text][vc_empty_space][vc_column_text]Suchen Sie noch eine Alternative f\u00fcr Hemdchentragetaschen oder Knotenbeutel, in denen Sie bisher z. B. Obst und Gem\u00fcse verpackt haben, bieten sich auch folgende Papierbeutel an:[\/vc_column_text][vc_empty_space][\/vc_column][\/vc_row][vc_row][vc_column width=&#8220;1\/4&#8243;][\/vc_column][vc_column width=&#8220;1\/4&#8243;][vc_column_text]<\/p>\n<h5 style=\"text-align: center;\">Papierfaltenbeutel<br \/>\n\u00abnur Natur\u00bb<\/h5>\n<p>[\/vc_column_text][vc_empty_space height=&#8220;22px&#8220;][vc_single_image image=&#8220;11377&#8243; img_size=&#8220;medium&#8220;][vc_empty_space height=&#8220;22px&#8220;][vc_column_text]<\/p>\n<ul>\n<li>aus 100 % Zellulose<\/li>\n<li>feuchtigkeitsresistent<\/li>\n<li>halb-transparent<\/li>\n<\/ul>\n<p>[\/vc_column_text][vc_empty_space height=&#8220;22px&#8220;][\/vc_column][vc_column width=&#8220;1\/4&#8243;][vc_column_text]<\/p>\n<h5 style=\"text-align: center;\">Kreuzbodenbeutel<br \/>\nbraun<\/h5>\n<p>[\/vc_column_text][vc_empty_space height=&#8220;22px&#8220;][vc_single_image image=&#8220;11380&#8243; img_size=&#8220;medium&#8220;][vc_empty_space height=&#8220;22px&#8220;][vc_column_text]<\/p>\n<ul>\n<li>Papier aus bester Recycling-Qualit\u00e4t<\/li>\n<li>gef\u00e4delt<\/li>\n<li>gute Standfestigkeit, wenn gef\u00fcllt<\/li>\n<\/ul>\n<p>[\/vc_column_text][vc_empty_space height=&#8220;22px&#8220;][\/vc_column][vc_column width=&#8220;1\/4&#8243;][\/vc_column][\/vc_row][vc_row][vc_column width=&#8220;1\/4&#8243;][\/vc_column][vc_column width=&#8220;1\/4&#8243;]<style type=\"text\/css\" data-type=\"the7_shortcodes-inline-css\">#default-btn-a5d8e241eb5928fdb52190e30c8a97a7.ico-right-side > i {\n  margin-right: 0px;\n  margin-left: 8px;\n}\n#default-btn-a5d8e241eb5928fdb52190e30c8a97a7 > i {\n  margin-right: 8px;\n}<\/style><a href=\"https:\/\/www.rausch-packaging.com\/at\/papierfaltenbeutel-nur-natur\" class=\"default-btn-shortcode dt-btn dt-btn-s link-hover-off dt-btn-s dt-btn post-details details-type-btn btn-inline-left  vc_custom_1679569650299\" target=\"_blank\" id=\"default-btn-a5d8e241eb5928fdb52190e30c8a97a7\" title=\"Zum Papierfaltenbeutel \u00abnur Natur\u00bb\" rel=\"noopener\"><span>Zum Papierfaltenbeutel \u00abnur Natur\u00bb<\/span><\/a>[\/vc_column][vc_column width=&#8220;1\/4&#8243;]<style type=\"text\/css\" data-type=\"the7_shortcodes-inline-css\">#default-btn-a21c23f0dcc5008e8d4a46743f083133.ico-right-side > i {\n  margin-right: 0px;\n  margin-left: 8px;\n}\n#default-btn-a21c23f0dcc5008e8d4a46743f083133 > i {\n  margin-right: 8px;\n}<\/style><a href=\"https:\/\/www.rausch-packaging.com\/at\/kreuzbodenbeutel-braun\" class=\"default-btn-shortcode dt-btn dt-btn-s link-hover-off dt-btn-s dt-btn post-details details-type-btn btn-inline-left  vc_custom_1679569588996\" target=\"_blank\" id=\"default-btn-a21c23f0dcc5008e8d4a46743f083133\" title=\"Zum Kreuzbodenbeutel aus Papier\" rel=\"noopener\"><span>Zum Kreuzbodenbeutel aus Papier<\/span><\/a>[\/vc_column][vc_column width=&#8220;1\/4&#8243;][\/vc_column][\/vc_row][vc_row][vc_column][vc_empty_space][vc_column_text]<\/p>\n<div>\n<p>Gerne beraten wir Sie jederzeit auch pers\u00f6nlich zu Ihren M\u00f6glichkeiten und beantworten Ihre Fragen. Kontaktieren Sie uns unter T.\u00a0<a class=\"tracking_tn\" href=\"tel:+43-7249-2177882\" data-role=\"button\">07249 21 778 82<\/a> oder direkt in unserem Live-Chat.<\/p>\n<\/div>\n<p>[\/vc_column_text][vc_empty_space][\/vc_column][\/vc_row]<\/p>\n<\/div>","protected":false},"excerpt":{"rendered":"<p>Seit 1. Januar 2020 d\u00fcrfen in \u00d6sterreich Kunststoff-Tragetaschen nicht mehr vertrieben werden. Wir zeigen Ihnen Alternativen dazu.<\/p>\n","protected":false},"author":13,"featured_media":2444,"comment_status":"open","ping_status":"open","sticky":false,"template":"","format":"standard","meta":{"footnotes":""},"categories":[48],"tags":[],"m2-product-id":[],"table_tags":[],"class_list":["post-11121","post","type-post","status-publish","format-standard","has-post-thumbnail","hentry","category-nachhaltigkeit","category-48","description-off"],"yoast_head":"<!-- This site is optimized with the Yoast SEO plugin v26.2 - https:\/\/yoast.com\/wordpress\/plugins\/seo\/ -->\n<title>Verbot von Kunststoff-Tragetaschen \u2013 was Sie jetzt wissen m\u00fcssen - RAUSCH-Blog<\/title>\n<meta name=\"robots\" content=\"index, follow, max-snippet:-1, max-image-preview:large, max-video-preview:-1\" \/>\n<link rel=\"canonical\" href=\"https:\/\/www.rausch-packaging.com\/blog\/at\/nachhaltigkeit\/verbot-kunststoff-tragetaschen-alternativen\/\" \/>\n<meta property=\"og:locale\" content=\"de_DE\" \/>\n<meta property=\"og:type\" content=\"article\" \/>\n<meta property=\"og:title\" content=\"Verbot von Kunststoff-Tragetaschen \u2013 was Sie jetzt wissen m\u00fcssen - RAUSCH-Blog\" \/>\n<meta property=\"og:description\" content=\"Seit 1. Januar 2020 d\u00fcrfen in \u00d6sterreich Kunststoff-Tragetaschen nicht mehr vertrieben werden. Wir zeigen Ihnen Alternativen dazu.\" \/>\n<meta property=\"og:url\" content=\"https:\/\/www.rausch-packaging.com\/blog\/at\/nachhaltigkeit\/verbot-kunststoff-tragetaschen-alternativen\/\" \/>\n<meta property=\"og:site_name\" content=\"RAUSCH-Blog\" \/>\n<meta property=\"article:published_time\" content=\"2019-12-17T12:52:49+00:00\" \/>\n<meta property=\"article:modified_time\" content=\"2023-03-23T11:16:37+00:00\" \/>\n<meta property=\"og:image\" content=\"https:\/\/www.rausch-packaging.com\/blog\/wp-content\/uploads\/2017\/07\/papier-und-baumwolltragetaschen.jpg\" \/>\n\t<meta property=\"og:image:width\" content=\"577\" \/>\n\t<meta property=\"og:image:height\" content=\"380\" \/>\n\t<meta property=\"og:image:type\" content=\"image\/jpeg\" \/>\n<meta name=\"author\" content=\"Andreas M\u00fcller\" \/>\n<meta name=\"twitter:card\" content=\"summary_large_image\" \/>\n<meta name=\"twitter:label1\" content=\"Verfasst von\" \/>\n\t<meta name=\"twitter:data1\" content=\"Andreas M\u00fcller\" \/>\n\t<meta name=\"twitter:label2\" content=\"Gesch\u00e4tzte Lesezeit\" \/>\n\t<meta name=\"twitter:data2\" content=\"3 Minuten\" \/>\n<script type=\"application\/ld+json\" class=\"yoast-schema-graph\">{\"@context\":\"https:\/\/schema.org\",\"@graph\":[{\"@type\":\"Article\",\"@id\":\"https:\/\/www.rausch-packaging.com\/blog\/at\/nachhaltigkeit\/verbot-kunststoff-tragetaschen-alternativen\/#article\",\"isPartOf\":{\"@id\":\"https:\/\/www.rausch-packaging.com\/blog\/at\/nachhaltigkeit\/verbot-kunststoff-tragetaschen-alternativen\/\"},\"author\":{\"name\":\"Andreas M\u00fcller\",\"@id\":\"https:\/\/www.rausch-packaging.com\/blog\/at\/#\/schema\/person\/23018f626f59797478ccad7e5fba6d39\"},\"headline\":\"Verbot von Kunststoff-Tragetaschen \u2013 was Sie jetzt wissen m\u00fcssen\",\"datePublished\":\"2019-12-17T12:52:49+00:00\",\"dateModified\":\"2023-03-23T11:16:37+00:00\",\"mainEntityOfPage\":{\"@id\":\"https:\/\/www.rausch-packaging.com\/blog\/at\/nachhaltigkeit\/verbot-kunststoff-tragetaschen-alternativen\/\"},\"wordCount\":1032,\"commentCount\":0,\"publisher\":{\"@id\":\"https:\/\/www.rausch-packaging.com\/blog\/at\/#organization\"},\"image\":{\"@id\":\"https:\/\/www.rausch-packaging.com\/blog\/at\/nachhaltigkeit\/verbot-kunststoff-tragetaschen-alternativen\/#primaryimage\"},\"thumbnailUrl\":\"https:\/\/www.rausch-packaging.com\/blog\/wp-content\/uploads\/2017\/07\/papier-und-baumwolltragetaschen.jpg\",\"articleSection\":[\"Nachhaltigkeit\"],\"inLanguage\":\"de-AT\",\"potentialAction\":[{\"@type\":\"CommentAction\",\"name\":\"Comment\",\"target\":[\"https:\/\/www.rausch-packaging.com\/blog\/at\/nachhaltigkeit\/verbot-kunststoff-tragetaschen-alternativen\/#respond\"]}]},{\"@type\":\"WebPage\",\"@id\":\"https:\/\/www.rausch-packaging.com\/blog\/at\/nachhaltigkeit\/verbot-kunststoff-tragetaschen-alternativen\/\",\"url\":\"https:\/\/www.rausch-packaging.com\/blog\/at\/nachhaltigkeit\/verbot-kunststoff-tragetaschen-alternativen\/\",\"name\":\"Verbot von Kunststoff-Tragetaschen \u2013 was Sie jetzt wissen m\u00fcssen - RAUSCH-Blog\",\"isPartOf\":{\"@id\":\"https:\/\/www.rausch-packaging.com\/blog\/at\/#website\"},\"primaryImageOfPage\":{\"@id\":\"https:\/\/www.rausch-packaging.com\/blog\/at\/nachhaltigkeit\/verbot-kunststoff-tragetaschen-alternativen\/#primaryimage\"},\"image\":{\"@id\":\"https:\/\/www.rausch-packaging.com\/blog\/at\/nachhaltigkeit\/verbot-kunststoff-tragetaschen-alternativen\/#primaryimage\"},\"thumbnailUrl\":\"https:\/\/www.rausch-packaging.com\/blog\/wp-content\/uploads\/2017\/07\/papier-und-baumwolltragetaschen.jpg\",\"datePublished\":\"2019-12-17T12:52:49+00:00\",\"dateModified\":\"2023-03-23T11:16:37+00:00\",\"breadcrumb\":{\"@id\":\"https:\/\/www.rausch-packaging.com\/blog\/at\/nachhaltigkeit\/verbot-kunststoff-tragetaschen-alternativen\/#breadcrumb\"},\"inLanguage\":\"de-AT\",\"potentialAction\":[{\"@type\":\"ReadAction\",\"target\":[\"https:\/\/www.rausch-packaging.com\/blog\/at\/nachhaltigkeit\/verbot-kunststoff-tragetaschen-alternativen\/\"]}]},{\"@type\":\"ImageObject\",\"inLanguage\":\"de-AT\",\"@id\":\"https:\/\/www.rausch-packaging.com\/blog\/at\/nachhaltigkeit\/verbot-kunststoff-tragetaschen-alternativen\/#primaryimage\",\"url\":\"https:\/\/www.rausch-packaging.com\/blog\/wp-content\/uploads\/2017\/07\/papier-und-baumwolltragetaschen.jpg\",\"contentUrl\":\"https:\/\/www.rausch-packaging.com\/blog\/wp-content\/uploads\/2017\/07\/papier-und-baumwolltragetaschen.jpg\",\"width\":577,\"height\":380,\"caption\":\"papier-und-baumwolltragetaschen\"},{\"@type\":\"BreadcrumbList\",\"@id\":\"https:\/\/www.rausch-packaging.com\/blog\/at\/nachhaltigkeit\/verbot-kunststoff-tragetaschen-alternativen\/#breadcrumb\",\"itemListElement\":[{\"@type\":\"ListItem\",\"position\":1,\"name\":\"Startseite\",\"item\":\"https:\/\/www.rausch-packaging.com\/blog\/at\/\"},{\"@type\":\"ListItem\",\"position\":2,\"name\":\"Verbot von Kunststoff-Tragetaschen \u2013 was Sie jetzt wissen m\u00fcssen\"}]},{\"@type\":\"WebSite\",\"@id\":\"https:\/\/www.rausch-packaging.com\/blog\/at\/#website\",\"url\":\"https:\/\/www.rausch-packaging.com\/blog\/at\/\",\"name\":\"RAUSCH-Blog\",\"description\":\"\",\"publisher\":{\"@id\":\"https:\/\/www.rausch-packaging.com\/blog\/at\/#organization\"},\"potentialAction\":[{\"@type\":\"SearchAction\",\"target\":{\"@type\":\"EntryPoint\",\"urlTemplate\":\"https:\/\/www.rausch-packaging.com\/blog\/at\/?s={search_term_string}\"},\"query-input\":{\"@type\":\"PropertyValueSpecification\",\"valueRequired\":true,\"valueName\":\"search_term_string\"}}],\"inLanguage\":\"de-AT\"},{\"@type\":\"Organization\",\"@id\":\"https:\/\/www.rausch-packaging.com\/blog\/at\/#organization\",\"name\":\"Rausch Verpackung\",\"url\":\"https:\/\/www.rausch-packaging.com\/blog\/at\/\",\"logo\":{\"@type\":\"ImageObject\",\"inLanguage\":\"de-AT\",\"@id\":\"https:\/\/www.rausch-packaging.com\/blog\/at\/#\/schema\/logo\/image\/\",\"url\":\"https:\/\/www.rausch-packaging.com\/blog\/wp-content\/uploads\/2022\/04\/rausch-logo.svg\",\"contentUrl\":\"https:\/\/www.rausch-packaging.com\/blog\/wp-content\/uploads\/2022\/04\/rausch-logo.svg\",\"width\":1,\"height\":1,\"caption\":\"Rausch Verpackung\"},\"image\":{\"@id\":\"https:\/\/www.rausch-packaging.com\/blog\/at\/#\/schema\/logo\/image\/\"}},{\"@type\":\"Person\",\"@id\":\"https:\/\/www.rausch-packaging.com\/blog\/at\/#\/schema\/person\/23018f626f59797478ccad7e5fba6d39\",\"name\":\"Andreas M\u00fcller\",\"image\":{\"@type\":\"ImageObject\",\"inLanguage\":\"de-AT\",\"@id\":\"https:\/\/www.rausch-packaging.com\/blog\/at\/#\/schema\/person\/image\/\",\"url\":\"https:\/\/secure.gravatar.com\/avatar\/541f778ee667975c0ba1747a69b15f0e000df6bfad80139825efdd6c0bec2b05?s=96&d=mm&r=g\",\"contentUrl\":\"https:\/\/secure.gravatar.com\/avatar\/541f778ee667975c0ba1747a69b15f0e000df6bfad80139825efdd6c0bec2b05?s=96&d=mm&r=g\",\"caption\":\"Andreas M\u00fcller\"}}]}<\/script>\n<!-- \/ Yoast SEO plugin. -->","yoast_head_json":{"title":"Verbot von Kunststoff-Tragetaschen \u2013 was Sie jetzt wissen m\u00fcssen - RAUSCH-Blog","robots":{"index":"index","follow":"follow","max-snippet":"max-snippet:-1","max-image-preview":"max-image-preview:large","max-video-preview":"max-video-preview:-1"},"canonical":"https:\/\/www.rausch-packaging.com\/blog\/at\/nachhaltigkeit\/verbot-kunststoff-tragetaschen-alternativen\/","og_locale":"de_DE","og_type":"article","og_title":"Verbot von Kunststoff-Tragetaschen \u2013 was Sie jetzt wissen m\u00fcssen - RAUSCH-Blog","og_description":"Seit 1. Januar 2020 d\u00fcrfen in \u00d6sterreich Kunststoff-Tragetaschen nicht mehr vertrieben werden. Wir zeigen Ihnen Alternativen dazu.","og_url":"https:\/\/www.rausch-packaging.com\/blog\/at\/nachhaltigkeit\/verbot-kunststoff-tragetaschen-alternativen\/","og_site_name":"RAUSCH-Blog","article_published_time":"2019-12-17T12:52:49+00:00","article_modified_time":"2023-03-23T11:16:37+00:00","og_image":[{"width":577,"height":380,"url":"https:\/\/www.rausch-packaging.com\/blog\/wp-content\/uploads\/2017\/07\/papier-und-baumwolltragetaschen.jpg","type":"image\/jpeg"}],"author":"Andreas M\u00fcller","twitter_card":"summary_large_image","twitter_misc":{"Verfasst von":"Andreas M\u00fcller","Gesch\u00e4tzte Lesezeit":"3 Minuten"},"schema":{"@context":"https:\/\/schema.org","@graph":[{"@type":"Article","@id":"https:\/\/www.rausch-packaging.com\/blog\/at\/nachhaltigkeit\/verbot-kunststoff-tragetaschen-alternativen\/#article","isPartOf":{"@id":"https:\/\/www.rausch-packaging.com\/blog\/at\/nachhaltigkeit\/verbot-kunststoff-tragetaschen-alternativen\/"},"author":{"name":"Andreas M\u00fcller","@id":"https:\/\/www.rausch-packaging.com\/blog\/at\/#\/schema\/person\/23018f626f59797478ccad7e5fba6d39"},"headline":"Verbot von Kunststoff-Tragetaschen \u2013 was Sie jetzt wissen m\u00fcssen","datePublished":"2019-12-17T12:52:49+00:00","dateModified":"2023-03-23T11:16:37+00:00","mainEntityOfPage":{"@id":"https:\/\/www.rausch-packaging.com\/blog\/at\/nachhaltigkeit\/verbot-kunststoff-tragetaschen-alternativen\/"},"wordCount":1032,"commentCount":0,"publisher":{"@id":"https:\/\/www.rausch-packaging.com\/blog\/at\/#organization"},"image":{"@id":"https:\/\/www.rausch-packaging.com\/blog\/at\/nachhaltigkeit\/verbot-kunststoff-tragetaschen-alternativen\/#primaryimage"},"thumbnailUrl":"https:\/\/www.rausch-packaging.com\/blog\/wp-content\/uploads\/2017\/07\/papier-und-baumwolltragetaschen.jpg","articleSection":["Nachhaltigkeit"],"inLanguage":"de-AT","potentialAction":[{"@type":"CommentAction","name":"Comment","target":["https:\/\/www.rausch-packaging.com\/blog\/at\/nachhaltigkeit\/verbot-kunststoff-tragetaschen-alternativen\/#respond"]}]},{"@type":"WebPage","@id":"https:\/\/www.rausch-packaging.com\/blog\/at\/nachhaltigkeit\/verbot-kunststoff-tragetaschen-alternativen\/","url":"https:\/\/www.rausch-packaging.com\/blog\/at\/nachhaltigkeit\/verbot-kunststoff-tragetaschen-alternativen\/","name":"Verbot von Kunststoff-Tragetaschen \u2013 was Sie jetzt wissen m\u00fcssen - RAUSCH-Blog","isPartOf":{"@id":"https:\/\/www.rausch-packaging.com\/blog\/at\/#website"},"primaryImageOfPage":{"@id":"https:\/\/www.rausch-packaging.com\/blog\/at\/nachhaltigkeit\/verbot-kunststoff-tragetaschen-alternativen\/#primaryimage"},"image":{"@id":"https:\/\/www.rausch-packaging.com\/blog\/at\/nachhaltigkeit\/verbot-kunststoff-tragetaschen-alternativen\/#primaryimage"},"thumbnailUrl":"https:\/\/www.rausch-packaging.com\/blog\/wp-content\/uploads\/2017\/07\/papier-und-baumwolltragetaschen.jpg","datePublished":"2019-12-17T12:52:49+00:00","dateModified":"2023-03-23T11:16:37+00:00","breadcrumb":{"@id":"https:\/\/www.rausch-packaging.com\/blog\/at\/nachhaltigkeit\/verbot-kunststoff-tragetaschen-alternativen\/#breadcrumb"},"inLanguage":"de-AT","potentialAction":[{"@type":"ReadAction","target":["https:\/\/www.rausch-packaging.com\/blog\/at\/nachhaltigkeit\/verbot-kunststoff-tragetaschen-alternativen\/"]}]},{"@type":"ImageObject","inLanguage":"de-AT","@id":"https:\/\/www.rausch-packaging.com\/blog\/at\/nachhaltigkeit\/verbot-kunststoff-tragetaschen-alternativen\/#primaryimage","url":"https:\/\/www.rausch-packaging.com\/blog\/wp-content\/uploads\/2017\/07\/papier-und-baumwolltragetaschen.jpg","contentUrl":"https:\/\/www.rausch-packaging.com\/blog\/wp-content\/uploads\/2017\/07\/papier-und-baumwolltragetaschen.jpg","width":577,"height":380,"caption":"papier-und-baumwolltragetaschen"},{"@type":"BreadcrumbList","@id":"https:\/\/www.rausch-packaging.com\/blog\/at\/nachhaltigkeit\/verbot-kunststoff-tragetaschen-alternativen\/#breadcrumb","itemListElement":[{"@type":"ListItem","position":1,"name":"Startseite","item":"https:\/\/www.rausch-packaging.com\/blog\/at\/"},{"@type":"ListItem","position":2,"name":"Verbot von Kunststoff-Tragetaschen \u2013 was Sie jetzt wissen m\u00fcssen"}]},{"@type":"WebSite","@id":"https:\/\/www.rausch-packaging.com\/blog\/at\/#website","url":"https:\/\/www.rausch-packaging.com\/blog\/at\/","name":"RAUSCH-Blog","description":"","publisher":{"@id":"https:\/\/www.rausch-packaging.com\/blog\/at\/#organization"},"potentialAction":[{"@type":"SearchAction","target":{"@type":"EntryPoint","urlTemplate":"https:\/\/www.rausch-packaging.com\/blog\/at\/?s={search_term_string}"},"query-input":{"@type":"PropertyValueSpecification","valueRequired":true,"valueName":"search_term_string"}}],"inLanguage":"de-AT"},{"@type":"Organization","@id":"https:\/\/www.rausch-packaging.com\/blog\/at\/#organization","name":"Rausch Verpackung","url":"https:\/\/www.rausch-packaging.com\/blog\/at\/","logo":{"@type":"ImageObject","inLanguage":"de-AT","@id":"https:\/\/www.rausch-packaging.com\/blog\/at\/#\/schema\/logo\/image\/","url":"https:\/\/www.rausch-packaging.com\/blog\/wp-content\/uploads\/2022\/04\/rausch-logo.svg","contentUrl":"https:\/\/www.rausch-packaging.com\/blog\/wp-content\/uploads\/2022\/04\/rausch-logo.svg","width":1,"height":1,"caption":"Rausch Verpackung"},"image":{"@id":"https:\/\/www.rausch-packaging.com\/blog\/at\/#\/schema\/logo\/image\/"}},{"@type":"Person","@id":"https:\/\/www.rausch-packaging.com\/blog\/at\/#\/schema\/person\/23018f626f59797478ccad7e5fba6d39","name":"Andreas M\u00fcller","image":{"@type":"ImageObject","inLanguage":"de-AT","@id":"https:\/\/www.rausch-packaging.com\/blog\/at\/#\/schema\/person\/image\/","url":"https:\/\/secure.gravatar.com\/avatar\/541f778ee667975c0ba1747a69b15f0e000df6bfad80139825efdd6c0bec2b05?s=96&d=mm&r=g","contentUrl":"https:\/\/secure.gravatar.com\/avatar\/541f778ee667975c0ba1747a69b15f0e000df6bfad80139825efdd6c0bec2b05?s=96&d=mm&r=g","caption":"Andreas M\u00fcller"}}]}},"magento_index":false,"_links":{"self":[{"href":"https:\/\/www.rausch-packaging.com\/blog\/at\/wp-json\/wp\/v2\/posts\/11121","targetHints":{"allow":["GET"]}}],"collection":[{"href":"https:\/\/www.rausch-packaging.com\/blog\/at\/wp-json\/wp\/v2\/posts"}],"about":[{"href":"https:\/\/www.rausch-packaging.com\/blog\/at\/wp-json\/wp\/v2\/types\/post"}],"author":[{"embeddable":true,"href":"https:\/\/www.rausch-packaging.com\/blog\/at\/wp-json\/wp\/v2\/users\/13"}],"replies":[{"embeddable":true,"href":"https:\/\/www.rausch-packaging.com\/blog\/at\/wp-json\/wp\/v2\/comments?post=11121"}],"version-history":[{"count":7,"href":"https:\/\/www.rausch-packaging.com\/blog\/at\/wp-json\/wp\/v2\/posts\/11121\/revisions"}],"predecessor-version":[{"id":11385,"href":"https:\/\/www.rausch-packaging.com\/blog\/at\/wp-json\/wp\/v2\/posts\/11121\/revisions\/11385"}],"wp:featuredmedia":[{"embeddable":true,"href":"https:\/\/www.rausch-packaging.com\/blog\/at\/wp-json\/wp\/v2\/media\/2444"}],"wp:attachment":[{"href":"https:\/\/www.rausch-packaging.com\/blog\/at\/wp-json\/wp\/v2\/media?parent=11121"}],"wp:term":[{"taxonomy":"category","embeddable":true,"href":"https:\/\/www.rausch-packaging.com\/blog\/at\/wp-json\/wp\/v2\/categories?post=11121"},{"taxonomy":"post_tag","embeddable":true,"href":"https:\/\/www.rausch-packaging.com\/blog\/at\/wp-json\/wp\/v2\/tags?post=11121"},{"taxonomy":"m2-product-id","embeddable":true,"href":"https:\/\/www.rausch-packaging.com\/blog\/at\/wp-json\/wp\/v2\/m2-product-id?post=11121"},{"taxonomy":"table_tags","embeddable":true,"href":"https:\/\/www.rausch-packaging.com\/blog\/at\/wp-json\/wp\/v2\/table_tags?post=11121"}],"curies":[{"name":"wp","href":"https:\/\/api.w.org\/{rel}","templated":true}]}}