{"id":3904,"date":"2025-11-14T14:00:01","date_gmt":"2025-11-14T13:00:01","guid":{"rendered":"https:\/\/www.rausch-packaging.com\/blog\/uncategorized-at\/5-verpackungsideen-fuer-das-weihnachtsgeschaeft\/"},"modified":"2025-11-18T09:20:50","modified_gmt":"2025-11-18T08:20:50","slug":"5-verpackungsideen-fuer-das-weihnachtsgeschaeft","status":"publish","type":"post","link":"https:\/\/www.rausch-packaging.com\/blog\/at\/anwendung\/5-verpackungsideen-fuer-das-weihnachtsgeschaeft\/","title":{"rendered":"5 Verpackungsideen f\u00fcr das Weihnachtsgesch\u00e4ft"},"content":{"rendered":"<div class=\"wpb-content-wrapper\"><p>[vc_row][vc_column][vc_custom_heading text=&#8220;Wie Sie mit der richtigen Verpackung festliche Stimmung verbreiten und Zeit sparen&#8220; use_theme_fonts=&#8220;yes&#8220;][vc_column_text css=&#8220;.vc_custom_1582723904327{margin-bottom: 20px !important;border-bottom-width: 20px !important;padding-bottom: 20px !important;}&#8220;]<strong>Was w\u00e4re Weihnachten ohne Geschenke? Sie erwartungsvoll auszupacken darf dabei nicht fehlen. Der Verpackung kommt somit zum Fest der Liebe eine wichtige Rolle zu \u2013 und das nicht nur unter dem privaten Tannenbaum. Mit welchen Verpackungen sparen Sie Zeit, da sich alle Ideen leicht vorbereiten lassen, und punkten Sie im Weihnachtsgesch\u00e4ft?<\/strong>[\/vc_column_text][\/vc_column][\/vc_row][vc_row][vc_column][vc_custom_heading text=&#8220;1) So bleibt Ihr Geb\u00e4ck frisch&#8220; use_theme_fonts=&#8220;yes&#8220;][vc_single_image image=&#8220;18940&#8243; img_size=&#8220;full&#8220; alignment=&#8220;center&#8220; css=&#8220;.vc_custom_1763037707358{margin-top: 10px !important;margin-bottom: 10px !important;border-top-width: 10px !important;border-bottom-width: 10px !important;padding-top: 10px !important;padding-bottom: 10px !important;}&#8220;][vc_column_text css=&#8220;&#8220;]Was die Advents- und Weihnachtszeit so besonders macht, sind die kulinarischen K\u00f6stlichkeiten: gebrannte Mandeln, Stollen und nat\u00fcrlich Pl\u00e4tzchen. Wer Vanillekipferl, Spritzgeb\u00e4ck, Makronen und Co. anbietet, legt diese meist in eine <a title=\"Zur Kategorie Pralinenverpackungen &amp; Geb\u00e4ckschalen\" href=\"http:\/\/%7Bwpml_link_webshop%7Dunsere-produkte\/feingebaeck-verpackungen\/pralinenverpackungen\/\" target=\"_self\" rel=\"noopener noreferrer\">Geb\u00e4ckschale<\/a> in passenden Weihnachtsfarben wie Rot, Braun oder Wei\u00df und im Inneren Gold. Darin sind sie in der Theke dekorativ pr\u00e4sentiert und k\u00f6nnen zudem vorab portioniert werden. Um die Schale transportsicher zu machen, wird sie meist mit einer Folie abgedeckt. F\u00fcr eine l\u00e4ngere Haltbarkeit ist PVC-Folie ideal. Aufgrund ihrer hohen Feuchtigkeitssperre bleibt Ihr Geb\u00e4ck darin l\u00e4nger frisch. Die Folie ist besonders rei\u00dffest, dehnbar und sehr gut haftend.[\/vc_column_text][vc_empty_space height=&#8220;10px&#8220;][vc_column_text css=&#8220;&#8220;]SHORTCODE in REST Request entfernt[\/vc_column_text][\/vc_column][\/vc_row][vc_row css=&#8220;.vc_custom_1582724021167{margin-top: 20px !important;border-top-width: 20px !important;padding-top: 20px !important;}&#8220;][vc_column][vc_custom_heading text=&#8220;2) Einheitlich \u00abto go\u00bb verpackt&#8220; use_theme_fonts=&#8220;yes&#8220;][vc_single_image image=&#8220;18948&#8243; img_size=&#8220;full&#8220; alignment=&#8220;center&#8220; css=&#8220;.vc_custom_1763120423294{margin-top: 10px !important;margin-bottom: 10px !important;border-top-width: 10px !important;border-bottom-width: 10px !important;padding-top: 10px !important;padding-bottom: 10px !important;}&#8220;][vc_column_text css=&#8220;&#8220;]Pl\u00e4tzchen, Weihnachtsstollen oder Dominosteine begeistern zur Adventszeit Gro\u00df und Klein. Nicht nur isst das Auge bekanntlich mit: Ein einheitliches Design Ihrer Produkte <g id=\"gid_0\">macht bei Ihren Kunden einen professionellen Eindruck und <\/g>wirkt verkaufsf\u00f6rdernd. Die unterschiedlichen Produkte unserer Linie WALDWEIHNACHT k\u00f6nnen Sie universell einsetzen und so verschiedenste Inhalte in einem stimmigen Design verpacken \u2013 <g id=\"gid_1\">Blockbodenbeutel<\/g> eignen sich beispielsweise auch hervorragend f\u00fcr das Verpacken von Saaten, Schokolade oder Nudeln. Egal aber, ob attraktive Lebensmittelverpackungen, <a title=\"Motivetikett auf der Rolle\" href=\"http:\/\/%7Bwpml_link_webshop%7Dmotiv-etikett-auf-der-rolle\" target=\"_self\" rel=\"noopener noreferrer\">Motivetiketten<\/a> mit Weihnachtsgr\u00fc\u00dfen oder <a title=\"Weihnachtstragetaschen\" href=\"http:\/\/%7Bwpml_link_webshop%7Dgeschenktasche-weihnachten\" target=\"_self\" rel=\"noopener noreferrer\">umweltfreundliche Tragetaschen<\/a>: In jedem Fall ist das exklusive Design ein Hingucker![\/vc_column_text][vc_empty_space height=&#8220;10px&#8220;][vc_column_text css=&#8220;&#8220;]SHORTCODE in REST Request entfernt[\/vc_column_text][\/vc_column][\/vc_row][vc_row css=&#8220;.vc_custom_1582724021167{margin-top: 20px !important;border-top-width: 20px !important;padding-top: 20px !important;}&#8220;][vc_column][vc_custom_heading text=&#8220;3) Zum Gabentisch tragen&#8220; use_theme_fonts=&#8220;yes&#8220;][vc_single_image image=&#8220;19050&#8243; img_size=&#8220;full&#8220; alignment=&#8220;center&#8220; css=&#8220;.vc_custom_1763125007657{margin-top: 10px !important;margin-bottom: 10px !important;border-top-width: 10px !important;border-bottom-width: 10px !important;padding-top: 10px !important;padding-bottom: 10px !important;}&#8220;][vc_column_text css=&#8220;&#8220;]Beim Geschenke verpacken sind der Kreativit\u00e4t (fast) keine Grenzen gesetzt. Wieso also nicht eine Verpackung \u00abzweckentfremden\u00bb und die Vorteile eines <a title=\"Zum Sortiment Flaschen-Geschenkverpackungen\" href=\"http:\/\/%7Bwpml_link_webshop%7Dunsere-produkte\/geschenkverpackungen\/geschenkschachteln\/flaschenverpackungen\/\" target=\"_self\" rel=\"noopener noreferrer\">Flaschentragekartons<\/a> f\u00fcr andere Zwecke nutzen? Erh\u00e4ltlich f\u00fcr eine bis drei Flaschen haben Sie Platz f\u00fcr die unterschiedlichsten Produkte \u2013 verkaufen Sie beispielsweise winterliche Konfit\u00fcre, bietet sich der Karton f\u00fcr eine Flasche an, in der Sie zwei Gl\u00e4ser stapeln k\u00f6nnen. Nudeln und passender Sugo lassen sich dekorativ nebeneinander in einer Verpackung f\u00fcr zwei Flaschen pr\u00e4sentieren. Zus\u00e4tzlich k\u00f6nnen Sie am schm\u00fcckenden <a title=\"Zum Sortiment Geschenkb\u00e4nder\" href=\"http:\/\/%7Bwpml_link_webshop%7Dunsere-produkte\/geschenkverpackungen\/geschenkbaender-schleifen-verschluesse\/\" target=\"_self\" rel=\"noopener noreferrer\">Weihnachtsband<\/a> noch als Zugabe z. B. einen L\u00f6ffel anbringen. In der Handhabung ist der Flaschentragekarton schnell aufgerichtet und erf\u00fcllt zugleich drei Funktionen: Dank seiner Optik und den Sichtfenstern ist er ein ideales Pr\u00e4sentationsmittel in Ihrem Laden, das den Verkauf f\u00f6rdert. Passende weihnachtliche oder einfach nur zur Jahreszeit passende Motive und Spr\u00fcche packen Ihre Waren zus\u00e4tzlich in ein abgestimmtes \u00abGewand\u00bb. Ihre Produkte kommen in allen genannten Varianten bestens zur Geltung und Sie bieten Ihren Kunden den Service, dass sie bereits als Geschenk verpackt sind. Auf dem Nachhauseweg ist das Pr\u00e4sent zudem f\u00fcr den Transport gesch\u00fctzt, da die Wellpappe es sicher tr\u00e4gt. Als dritter Vorteil dient der Griff des Kartons als Tragehilfe f\u00fcr Ihre Kunden und eignet sich bestens f\u00fcr die \u00dcbergabe an den Beschenkten.[\/vc_column_text][vc_empty_space height=&#8220;10px&#8220;][vc_column_text css=&#8220;&#8220;]SHORTCODE in REST Request entfernt[\/vc_column_text][\/vc_column][\/vc_row][vc_row css=&#8220;.vc_custom_1582724021167{margin-top: 20px !important;border-top-width: 20px !important;padding-top: 20px !important;}&#8220;][vc_column][vc_custom_heading text=&#8220;4) Weihnachtsgr\u00fc\u00dfe verschenken&#8220; use_theme_fonts=&#8220;yes&#8220;][vc_single_image image=&#8220;19031&#8243; img_size=&#8220;full&#8220; alignment=&#8220;center&#8220; css=&#8220;.vc_custom_1763121456375{margin-top: 10px !important;margin-bottom: 10px !important;border-top-width: 10px !important;border-bottom-width: 10px !important;padding-top: 10px !important;padding-bottom: 10px !important;}&#8220;][vc_column_text css=&#8220;&#8220;]Einen Karton f\u00fcr Pralinen, den Sie zur Weihnachtszeit als Geschenkverpackung nutzen? Das ist m\u00f6glich mit <a title=\"Individuell kombinierbare Pralinenverpackung\" href=\"http:\/\/%7Bwpml_link_webshop%7Dpralinenverpackung-individuell-kombinierbar\" target=\"_self\" rel=\"noopener noreferrer\">Pralinenverpackungen<\/a>, deren Komponenten Sie beliebig zusammenstellen k\u00f6nnen. Sie haben die Wahl, welche Sie davon f\u00fcr Ihren Einsatzzweck ben\u00f6tigen: So sind Einlagen f\u00fcr die wei\u00dfe Schachtel in verschiedenen Farben erh\u00e4ltlich sowie Blister, Polsterkissen und verschiedene Banderolen. Die Schachtel mit Einlage und au\u00dfen einer Banderole macht sich im Advent ideal als Geschenkverpackung, w\u00e4hrend ein erg\u00e4nzender Blister und ein Polsterkissen das ganze Jahr \u00fcber daf\u00fcr sorgen, dass Sie Pralin\u00e9s, Tr\u00fcffel oder Konfekt sicher und ansprechend Ihren Kunden mitgeben. In jedem Fall sparen Sie sich mit dieser Verpackung Zeit im Einkauf, da Sie sie f\u00fcr verschiedene Eins\u00e4tze verwenden k\u00f6nnen. Zus\u00e4tzlich bieten sich Zierschleifen, z. B. eine <a title=\"Fertigschleife mit Gummizugband\" href=\"http:\/\/%7Bwpml_link_webshop%7Dfertigschleife-mit-gummizugband\" target=\"_self\" rel=\"noopener noreferrer\">Fertigschleife mit Gummizug<\/a>, oder ein <a title=\"Motiv-Etikett auf der Rolle\" href=\"http:\/\/%7Bwpml_link_webshop%7Dmotiv-etikett-auf-der-rolle\" target=\"_self\" rel=\"noopener noreferrer\">Etikett<\/a> \u2013 das Sie auch mit Ihrem Logo individualisieren k\u00f6nnen \u2013 daf\u00fcr an, den Karton au\u00dfen zus\u00e4tzlich zu verzieren.[\/vc_column_text][vc_empty_space height=&#8220;10px&#8220;][vc_column_text css=&#8220;&#8220;]SHORTCODE in REST Request entfernt[\/vc_column_text][\/vc_column][\/vc_row][vc_row css=&#8220;.vc_custom_1582724021167{margin-top: 20px !important;border-top-width: 20px !important;padding-top: 20px !important;}&#8220;][vc_column][vc_custom_heading text=&#8220;5) In der Weihnachtsb\u00e4ckerei Zeit gespart&#8220; use_theme_fonts=&#8220;yes&#8220;][vc_single_image image=&#8220;19062&#8243; img_size=&#8220;full&#8220; alignment=&#8220;center&#8220; css=&#8220;.vc_custom_1763453941842{margin-top: 10px !important;margin-bottom: 10px !important;border-top-width: 10px !important;border-bottom-width: 10px !important;padding-top: 10px !important;padding-bottom: 10px !important;}&#8220;][vc_column_text css=&#8220;&#8220;]Nicht nur was in der Weihnachtsb\u00e4ckerei gezaubert wird, sondern auch wie es in der Theke ausgestellt wird, verbreitet in Ihrem Gesch\u00e4ft Adventsstimmung. F\u00fcr Kuchen, Muffins oder Cupcakes gibt es weihnachtlich dekorierte Backformen und <a title=\"Tulip-Cup\" href=\"http:\/\/%7Bwpml_link_webshop%7Dtulip-cup-150-150-mm\" target=\"_self\" rel=\"noopener noreferrer\">Tulip-Cups<\/a>, die sich zun\u00e4chst in der Herstellung und sp\u00e4ter im Verkauf einsetzen lassen. Sie sparen sich wertvolle Zeit im umsatzstarken Weihnachtsgesch\u00e4ft: Backen Sie in den Formen zun\u00e4chst Ihre s\u00fc\u00dfen K\u00f6stlichkeiten, k\u00f6nnen Sie die Form danach gleich als Verkaufsverpackungen verwenden. Edel in Braun gehalten und mit goldenen Ornamenten verziert, sind die Formen ein Hingucker und weihnachtliches Dekoelement in Ihrem Gesch\u00e4ft \u2013 und bei Ihren Kunden zuhause auf der Kaffeetafel. Sie haben dabei die Wahl zwischen klassisch <a title=\"Zur runden Backform mit Dekor\" href=\"http:\/\/%7Bwpml_link_webshop%7Dkuchen-backform-rund-mit-dekor\">runden Formen<\/a> oder besonders weihnachtlich in <a title=\"Zur Backform mit Dekor SPEZIAL\" href=\"http:\/\/%7Bwpml_link_webshop%7Dkuchen-backform-mit-dekor-spezial\">Form eines Tannenbaums oder Sterns<\/a>, auch <a href=\"http:\/\/%7Bwpml_link_webshop%7Dkuchen-backform-rund-farbig\">farbige Formen<\/a> k\u00f6nnen Ihre festlich verzierten Backst\u00fccke hervorragend in Szene setzen.[\/vc_column_text][\/vc_column][\/vc_row][vc_row][vc_column][vc_column_text css=&#8220;.vc_custom_1725951989564{margin-top: 30px !important;margin-bottom: 10px !important;}&#8220;]So kann sowohl f\u00fcr Sie als auch Ihre Kunden das Weihnachtsfest kommen![\/vc_column_text][vc_empty_space height=&#8220;10px&#8220;][vc_column_text css=&#8220;&#8220;]SHORTCODE in REST Request entfernt[\/vc_column_text][\/vc_column][\/vc_row][vc_row css=&#8220;.vc_custom_1633083412557{margin-top: 20px !important;border-top-width: 20px !important;padding-top: 20px !important;}&#8220;][vc_column][vc_custom_heading text=&#8220;Bestens verpackt f\u00fcr das Weihnachtsgesch\u00e4ft \u2013 dank der RAUSCH-Produkte&#8220; use_theme_fonts=&#8220;yes&#8220;][vc_column_text css=&#8220;&#8220;]Neben den bisher vorgestellten Verpackungen bieten wir Ihnen eine gro\u00dfe Bandbreite attraktiver Artikel f\u00fcr die Advents- und Weihnachtszeit. Ben\u00f6tigen Sie weiteres Zubeh\u00f6r wie Geschenkband, -papier, Flaschenkartons &amp; Co.? Dann lassen Sie sich in unserem Themenshop zu unserem gesamten Sortiment an <a title=\"Weihnachtsverpackungen\" href=\"http:\/\/%7Bwpml_link_webshop%7Dthemenshops\/weihnachtsverpackungen\/\" target=\"_self\" rel=\"noopener noreferrer\">Weihnachtsverpackungen<\/a> inspirieren![\/vc_column_text][vc_empty_space height=&#8220;10px&#8220;]<style type=\"text\/css\" data-type=\"the7_shortcodes-inline-css\">#default-btn-9234527fab17d7156464d56ba9849205.ico-right-side > i {\n  margin-right: 0px;\n  margin-left: 8px;\n}\n#default-btn-9234527fab17d7156464d56ba9849205 > i {\n  margin-right: 8px;\n}<\/style><a href=\"https:\/\/www.rausch-packaging.com\/at\/themenshops\/weihnachtsverpackungen\/\" class=\"default-btn-shortcode dt-btn dt-btn-s link-hover-off btn-inline-left \" id=\"default-btn-9234527fab17d7156464d56ba9849205\"><span>Direkt zum Themenshop<\/span><\/a>[\/vc_column][\/vc_row]<\/p>\n<\/div>","protected":false},"excerpt":{"rendered":"<p>Der Verpackung kommt zum Fest der Liebe eine besonders wichtige Rolle zu. Wir zeigen Ihnen, wie Sie mit der richtigen Verpackung festliche Stimmung verbreiten und Zeit sparen.<\/p>\n","protected":false},"author":2,"featured_media":19046,"comment_status":"open","ping_status":"open","sticky":false,"template":"","format":"standard","meta":{"footnotes":""},"categories":[46,52],"tags":[197,198],"m2-product-id":[1101,1125,1130,1131,1133,1134,1146,1151,1152,1155,1190,1193,1195,1198,1231,1461,1464,1469,1495,1500,1525],"table_tags":[],"class_list":["post-3904","post","type-post","status-publish","format-standard","has-post-thumbnail","hentry","category-anwendung","category-inspiration-trend","tag-pos-at","tag-weihnachten-at-2","category-46","category-52","description-off"],"yoast_head":"<!-- This site is optimized with the Yoast SEO plugin v26.2 - https:\/\/yoast.com\/wordpress\/plugins\/seo\/ -->\n<title>5 Verpackungsideen f\u00fcr das Weihnachtsgesch\u00e4ft | RAUSCH-Blog<\/title>\n<meta name=\"description\" content=\"Mit welchen Verpackungen sparen Sie Zeit, da sich alle Ideen leicht vorbereiten lassen, und punkten Sie im Weihnachtsgesch\u00e4ft? Erfahren Sie es hier!\" \/>\n<meta name=\"robots\" content=\"index, follow, max-snippet:-1, max-image-preview:large, max-video-preview:-1\" \/>\n<link rel=\"canonical\" href=\"https:\/\/www.rausch-packaging.com\/blog\/at\/anwendung\/5-verpackungsideen-fuer-das-weihnachtsgeschaeft\/\" \/>\n<meta property=\"og:locale\" content=\"de_DE\" \/>\n<meta property=\"og:type\" content=\"article\" \/>\n<meta property=\"og:title\" content=\"5 Verpackungsideen f\u00fcr das Weihnachtsgesch\u00e4ft | RAUSCH-Blog\" \/>\n<meta property=\"og:description\" content=\"Mit welchen Verpackungen sparen Sie Zeit, da sich alle Ideen leicht vorbereiten lassen und punkten Sie im Weihnachtsgesch\u00e4ft?\" \/>\n<meta property=\"og:url\" content=\"https:\/\/www.rausch-packaging.com\/blog\/at\/anwendung\/5-verpackungsideen-fuer-das-weihnachtsgeschaeft\/\" \/>\n<meta property=\"og:site_name\" content=\"RAUSCH-Blog\" \/>\n<meta property=\"article:published_time\" content=\"2025-11-14T13:00:01+00:00\" \/>\n<meta property=\"article:modified_time\" content=\"2025-11-18T08:20:50+00:00\" \/>\n<meta property=\"og:image\" content=\"https:\/\/www.rausch-packaging.com\/blog\/wp-content\/uploads\/2021\/10\/Blog-Hauptbild.jpg\" \/>\n\t<meta property=\"og:image:width\" content=\"840\" \/>\n\t<meta property=\"og:image:height\" content=\"559\" \/>\n\t<meta property=\"og:image:type\" content=\"image\/jpeg\" \/>\n<meta name=\"author\" content=\"Erich Balan\" \/>\n<meta name=\"twitter:card\" content=\"summary_large_image\" \/>\n<meta name=\"twitter:title\" content=\"5 Verpackungsideen f\u00fcr das Weihnachtsgesch\u00e4ft | RAUSCH-Blog\" \/>\n<meta name=\"twitter:description\" content=\"Mit welchen Verpackungen sparen Sie Zeit, da sich alle Ideen leicht vorbereiten lassen und punkten Sie im Weihnachtsgesch\u00e4ft?\" \/>\n<meta name=\"twitter:label1\" content=\"Verfasst von\" \/>\n\t<meta name=\"twitter:data1\" content=\"Erich Balan\" \/>\n\t<meta name=\"twitter:label2\" content=\"Gesch\u00e4tzte Lesezeit\" \/>\n\t<meta name=\"twitter:data2\" content=\"7 Minuten\" \/>\n<script type=\"application\/ld+json\" class=\"yoast-schema-graph\">{\"@context\":\"https:\/\/schema.org\",\"@graph\":[{\"@type\":\"Article\",\"@id\":\"https:\/\/www.rausch-packaging.com\/blog\/at\/anwendung\/5-verpackungsideen-fuer-das-weihnachtsgeschaeft\/#article\",\"isPartOf\":{\"@id\":\"https:\/\/www.rausch-packaging.com\/blog\/at\/anwendung\/5-verpackungsideen-fuer-das-weihnachtsgeschaeft\/\"},\"author\":{\"name\":\"Erich Balan\",\"@id\":\"https:\/\/www.rausch-packaging.com\/blog\/at\/#\/schema\/person\/d0c096e25f5a43bc1d27b0321ffba9a8\"},\"headline\":\"5 Verpackungsideen f\u00fcr das Weihnachtsgesch\u00e4ft\",\"datePublished\":\"2025-11-14T13:00:01+00:00\",\"dateModified\":\"2025-11-18T08:20:50+00:00\",\"mainEntityOfPage\":{\"@id\":\"https:\/\/www.rausch-packaging.com\/blog\/at\/anwendung\/5-verpackungsideen-fuer-das-weihnachtsgeschaeft\/\"},\"wordCount\":1446,\"commentCount\":0,\"publisher\":{\"@id\":\"https:\/\/www.rausch-packaging.com\/blog\/at\/#organization\"},\"image\":{\"@id\":\"https:\/\/www.rausch-packaging.com\/blog\/at\/anwendung\/5-verpackungsideen-fuer-das-weihnachtsgeschaeft\/#primaryimage\"},\"thumbnailUrl\":\"https:\/\/www.rausch-packaging.com\/blog\/wp-content\/uploads\/2021\/10\/Blog-Hauptbild.jpg\",\"keywords\":[\"POS\",\"Weihnachten\"],\"articleSection\":[\"Anwendung\",\"Inspiration &amp; Trend\"],\"inLanguage\":\"de-AT\",\"potentialAction\":[{\"@type\":\"CommentAction\",\"name\":\"Comment\",\"target\":[\"https:\/\/www.rausch-packaging.com\/blog\/at\/anwendung\/5-verpackungsideen-fuer-das-weihnachtsgeschaeft\/#respond\"]}]},{\"@type\":\"WebPage\",\"@id\":\"https:\/\/www.rausch-packaging.com\/blog\/at\/anwendung\/5-verpackungsideen-fuer-das-weihnachtsgeschaeft\/\",\"url\":\"https:\/\/www.rausch-packaging.com\/blog\/at\/anwendung\/5-verpackungsideen-fuer-das-weihnachtsgeschaeft\/\",\"name\":\"5 Verpackungsideen f\u00fcr das Weihnachtsgesch\u00e4ft | RAUSCH-Blog\",\"isPartOf\":{\"@id\":\"https:\/\/www.rausch-packaging.com\/blog\/at\/#website\"},\"primaryImageOfPage\":{\"@id\":\"https:\/\/www.rausch-packaging.com\/blog\/at\/anwendung\/5-verpackungsideen-fuer-das-weihnachtsgeschaeft\/#primaryimage\"},\"image\":{\"@id\":\"https:\/\/www.rausch-packaging.com\/blog\/at\/anwendung\/5-verpackungsideen-fuer-das-weihnachtsgeschaeft\/#primaryimage\"},\"thumbnailUrl\":\"https:\/\/www.rausch-packaging.com\/blog\/wp-content\/uploads\/2021\/10\/Blog-Hauptbild.jpg\",\"datePublished\":\"2025-11-14T13:00:01+00:00\",\"dateModified\":\"2025-11-18T08:20:50+00:00\",\"description\":\"Mit welchen Verpackungen sparen Sie Zeit, da sich alle Ideen leicht vorbereiten lassen, und punkten Sie im Weihnachtsgesch\u00e4ft? Erfahren Sie es hier!\",\"breadcrumb\":{\"@id\":\"https:\/\/www.rausch-packaging.com\/blog\/at\/anwendung\/5-verpackungsideen-fuer-das-weihnachtsgeschaeft\/#breadcrumb\"},\"inLanguage\":\"de-AT\",\"potentialAction\":[{\"@type\":\"ReadAction\",\"target\":[\"https:\/\/www.rausch-packaging.com\/blog\/at\/anwendung\/5-verpackungsideen-fuer-das-weihnachtsgeschaeft\/\"]}]},{\"@type\":\"ImageObject\",\"inLanguage\":\"de-AT\",\"@id\":\"https:\/\/www.rausch-packaging.com\/blog\/at\/anwendung\/5-verpackungsideen-fuer-das-weihnachtsgeschaeft\/#primaryimage\",\"url\":\"https:\/\/www.rausch-packaging.com\/blog\/wp-content\/uploads\/2021\/10\/Blog-Hauptbild.jpg\",\"contentUrl\":\"https:\/\/www.rausch-packaging.com\/blog\/wp-content\/uploads\/2021\/10\/Blog-Hauptbild.jpg\",\"width\":840,\"height\":559,\"caption\":\"Hauptbild_Verpackungsideen_Weihnachten\"},{\"@type\":\"BreadcrumbList\",\"@id\":\"https:\/\/www.rausch-packaging.com\/blog\/at\/anwendung\/5-verpackungsideen-fuer-das-weihnachtsgeschaeft\/#breadcrumb\",\"itemListElement\":[{\"@type\":\"ListItem\",\"position\":1,\"name\":\"Startseite\",\"item\":\"https:\/\/www.rausch-packaging.com\/blog\/at\/\"},{\"@type\":\"ListItem\",\"position\":2,\"name\":\"5 Verpackungsideen f\u00fcr das Weihnachtsgesch\u00e4ft\"}]},{\"@type\":\"WebSite\",\"@id\":\"https:\/\/www.rausch-packaging.com\/blog\/at\/#website\",\"url\":\"https:\/\/www.rausch-packaging.com\/blog\/at\/\",\"name\":\"RAUSCH-Blog\",\"description\":\"\",\"publisher\":{\"@id\":\"https:\/\/www.rausch-packaging.com\/blog\/at\/#organization\"},\"potentialAction\":[{\"@type\":\"SearchAction\",\"target\":{\"@type\":\"EntryPoint\",\"urlTemplate\":\"https:\/\/www.rausch-packaging.com\/blog\/at\/?s={search_term_string}\"},\"query-input\":{\"@type\":\"PropertyValueSpecification\",\"valueRequired\":true,\"valueName\":\"search_term_string\"}}],\"inLanguage\":\"de-AT\"},{\"@type\":\"Organization\",\"@id\":\"https:\/\/www.rausch-packaging.com\/blog\/at\/#organization\",\"name\":\"Rausch Verpackung\",\"url\":\"https:\/\/www.rausch-packaging.com\/blog\/at\/\",\"logo\":{\"@type\":\"ImageObject\",\"inLanguage\":\"de-AT\",\"@id\":\"https:\/\/www.rausch-packaging.com\/blog\/at\/#\/schema\/logo\/image\/\",\"url\":\"https:\/\/www.rausch-packaging.com\/blog\/wp-content\/uploads\/2022\/04\/rausch-logo.svg\",\"contentUrl\":\"https:\/\/www.rausch-packaging.com\/blog\/wp-content\/uploads\/2022\/04\/rausch-logo.svg\",\"width\":1,\"height\":1,\"caption\":\"Rausch Verpackung\"},\"image\":{\"@id\":\"https:\/\/www.rausch-packaging.com\/blog\/at\/#\/schema\/logo\/image\/\"}},{\"@type\":\"Person\",\"@id\":\"https:\/\/www.rausch-packaging.com\/blog\/at\/#\/schema\/person\/d0c096e25f5a43bc1d27b0321ffba9a8\",\"name\":\"Erich Balan\",\"image\":{\"@type\":\"ImageObject\",\"inLanguage\":\"de-AT\",\"@id\":\"https:\/\/www.rausch-packaging.com\/blog\/at\/#\/schema\/person\/image\/\",\"url\":\"https:\/\/secure.gravatar.com\/avatar\/e7695502c40f0286057f0cb0ba2d4a1500be0717b94ada3d0328bda1f0ecd26d?s=96&d=mm&r=g\",\"contentUrl\":\"https:\/\/secure.gravatar.com\/avatar\/e7695502c40f0286057f0cb0ba2d4a1500be0717b94ada3d0328bda1f0ecd26d?s=96&d=mm&r=g\",\"caption\":\"Erich Balan\"}}]}<\/script>\n<!-- \/ Yoast SEO plugin. -->","yoast_head_json":{"title":"5 Verpackungsideen f\u00fcr das Weihnachtsgesch\u00e4ft | RAUSCH-Blog","description":"Mit welchen Verpackungen sparen Sie Zeit, da sich alle Ideen leicht vorbereiten lassen, und punkten Sie im Weihnachtsgesch\u00e4ft? Erfahren Sie es hier!","robots":{"index":"index","follow":"follow","max-snippet":"max-snippet:-1","max-image-preview":"max-image-preview:large","max-video-preview":"max-video-preview:-1"},"canonical":"https:\/\/www.rausch-packaging.com\/blog\/at\/anwendung\/5-verpackungsideen-fuer-das-weihnachtsgeschaeft\/","og_locale":"de_DE","og_type":"article","og_title":"5 Verpackungsideen f\u00fcr das Weihnachtsgesch\u00e4ft | RAUSCH-Blog","og_description":"Mit welchen Verpackungen sparen Sie Zeit, da sich alle Ideen leicht vorbereiten lassen und punkten Sie im Weihnachtsgesch\u00e4ft?","og_url":"https:\/\/www.rausch-packaging.com\/blog\/at\/anwendung\/5-verpackungsideen-fuer-das-weihnachtsgeschaeft\/","og_site_name":"RAUSCH-Blog","article_published_time":"2025-11-14T13:00:01+00:00","article_modified_time":"2025-11-18T08:20:50+00:00","og_image":[{"width":840,"height":559,"url":"https:\/\/www.rausch-packaging.com\/blog\/wp-content\/uploads\/2021\/10\/Blog-Hauptbild.jpg","type":"image\/jpeg"}],"author":"Erich Balan","twitter_card":"summary_large_image","twitter_title":"5 Verpackungsideen f\u00fcr das Weihnachtsgesch\u00e4ft | RAUSCH-Blog","twitter_description":"Mit welchen Verpackungen sparen Sie Zeit, da sich alle Ideen leicht vorbereiten lassen und punkten Sie im Weihnachtsgesch\u00e4ft?","twitter_misc":{"Verfasst von":"Erich Balan","Gesch\u00e4tzte Lesezeit":"7 Minuten"},"schema":{"@context":"https:\/\/schema.org","@graph":[{"@type":"Article","@id":"https:\/\/www.rausch-packaging.com\/blog\/at\/anwendung\/5-verpackungsideen-fuer-das-weihnachtsgeschaeft\/#article","isPartOf":{"@id":"https:\/\/www.rausch-packaging.com\/blog\/at\/anwendung\/5-verpackungsideen-fuer-das-weihnachtsgeschaeft\/"},"author":{"name":"Erich Balan","@id":"https:\/\/www.rausch-packaging.com\/blog\/at\/#\/schema\/person\/d0c096e25f5a43bc1d27b0321ffba9a8"},"headline":"5 Verpackungsideen f\u00fcr das Weihnachtsgesch\u00e4ft","datePublished":"2025-11-14T13:00:01+00:00","dateModified":"2025-11-18T08:20:50+00:00","mainEntityOfPage":{"@id":"https:\/\/www.rausch-packaging.com\/blog\/at\/anwendung\/5-verpackungsideen-fuer-das-weihnachtsgeschaeft\/"},"wordCount":1446,"commentCount":0,"publisher":{"@id":"https:\/\/www.rausch-packaging.com\/blog\/at\/#organization"},"image":{"@id":"https:\/\/www.rausch-packaging.com\/blog\/at\/anwendung\/5-verpackungsideen-fuer-das-weihnachtsgeschaeft\/#primaryimage"},"thumbnailUrl":"https:\/\/www.rausch-packaging.com\/blog\/wp-content\/uploads\/2021\/10\/Blog-Hauptbild.jpg","keywords":["POS","Weihnachten"],"articleSection":["Anwendung","Inspiration &amp; Trend"],"inLanguage":"de-AT","potentialAction":[{"@type":"CommentAction","name":"Comment","target":["https:\/\/www.rausch-packaging.com\/blog\/at\/anwendung\/5-verpackungsideen-fuer-das-weihnachtsgeschaeft\/#respond"]}]},{"@type":"WebPage","@id":"https:\/\/www.rausch-packaging.com\/blog\/at\/anwendung\/5-verpackungsideen-fuer-das-weihnachtsgeschaeft\/","url":"https:\/\/www.rausch-packaging.com\/blog\/at\/anwendung\/5-verpackungsideen-fuer-das-weihnachtsgeschaeft\/","name":"5 Verpackungsideen f\u00fcr das Weihnachtsgesch\u00e4ft | RAUSCH-Blog","isPartOf":{"@id":"https:\/\/www.rausch-packaging.com\/blog\/at\/#website"},"primaryImageOfPage":{"@id":"https:\/\/www.rausch-packaging.com\/blog\/at\/anwendung\/5-verpackungsideen-fuer-das-weihnachtsgeschaeft\/#primaryimage"},"image":{"@id":"https:\/\/www.rausch-packaging.com\/blog\/at\/anwendung\/5-verpackungsideen-fuer-das-weihnachtsgeschaeft\/#primaryimage"},"thumbnailUrl":"https:\/\/www.rausch-packaging.com\/blog\/wp-content\/uploads\/2021\/10\/Blog-Hauptbild.jpg","datePublished":"2025-11-14T13:00:01+00:00","dateModified":"2025-11-18T08:20:50+00:00","description":"Mit welchen Verpackungen sparen Sie Zeit, da sich alle Ideen leicht vorbereiten lassen, und punkten Sie im Weihnachtsgesch\u00e4ft? Erfahren Sie es hier!","breadcrumb":{"@id":"https:\/\/www.rausch-packaging.com\/blog\/at\/anwendung\/5-verpackungsideen-fuer-das-weihnachtsgeschaeft\/#breadcrumb"},"inLanguage":"de-AT","potentialAction":[{"@type":"ReadAction","target":["https:\/\/www.rausch-packaging.com\/blog\/at\/anwendung\/5-verpackungsideen-fuer-das-weihnachtsgeschaeft\/"]}]},{"@type":"ImageObject","inLanguage":"de-AT","@id":"https:\/\/www.rausch-packaging.com\/blog\/at\/anwendung\/5-verpackungsideen-fuer-das-weihnachtsgeschaeft\/#primaryimage","url":"https:\/\/www.rausch-packaging.com\/blog\/wp-content\/uploads\/2021\/10\/Blog-Hauptbild.jpg","contentUrl":"https:\/\/www.rausch-packaging.com\/blog\/wp-content\/uploads\/2021\/10\/Blog-Hauptbild.jpg","width":840,"height":559,"caption":"Hauptbild_Verpackungsideen_Weihnachten"},{"@type":"BreadcrumbList","@id":"https:\/\/www.rausch-packaging.com\/blog\/at\/anwendung\/5-verpackungsideen-fuer-das-weihnachtsgeschaeft\/#breadcrumb","itemListElement":[{"@type":"ListItem","position":1,"name":"Startseite","item":"https:\/\/www.rausch-packaging.com\/blog\/at\/"},{"@type":"ListItem","position":2,"name":"5 Verpackungsideen f\u00fcr das Weihnachtsgesch\u00e4ft"}]},{"@type":"WebSite","@id":"https:\/\/www.rausch-packaging.com\/blog\/at\/#website","url":"https:\/\/www.rausch-packaging.com\/blog\/at\/","name":"RAUSCH-Blog","description":"","publisher":{"@id":"https:\/\/www.rausch-packaging.com\/blog\/at\/#organization"},"potentialAction":[{"@type":"SearchAction","target":{"@type":"EntryPoint","urlTemplate":"https:\/\/www.rausch-packaging.com\/blog\/at\/?s={search_term_string}"},"query-input":{"@type":"PropertyValueSpecification","valueRequired":true,"valueName":"search_term_string"}}],"inLanguage":"de-AT"},{"@type":"Organization","@id":"https:\/\/www.rausch-packaging.com\/blog\/at\/#organization","name":"Rausch Verpackung","url":"https:\/\/www.rausch-packaging.com\/blog\/at\/","logo":{"@type":"ImageObject","inLanguage":"de-AT","@id":"https:\/\/www.rausch-packaging.com\/blog\/at\/#\/schema\/logo\/image\/","url":"https:\/\/www.rausch-packaging.com\/blog\/wp-content\/uploads\/2022\/04\/rausch-logo.svg","contentUrl":"https:\/\/www.rausch-packaging.com\/blog\/wp-content\/uploads\/2022\/04\/rausch-logo.svg","width":1,"height":1,"caption":"Rausch Verpackung"},"image":{"@id":"https:\/\/www.rausch-packaging.com\/blog\/at\/#\/schema\/logo\/image\/"}},{"@type":"Person","@id":"https:\/\/www.rausch-packaging.com\/blog\/at\/#\/schema\/person\/d0c096e25f5a43bc1d27b0321ffba9a8","name":"Erich Balan","image":{"@type":"ImageObject","inLanguage":"de-AT","@id":"https:\/\/www.rausch-packaging.com\/blog\/at\/#\/schema\/person\/image\/","url":"https:\/\/secure.gravatar.com\/avatar\/e7695502c40f0286057f0cb0ba2d4a1500be0717b94ada3d0328bda1f0ecd26d?s=96&d=mm&r=g","contentUrl":"https:\/\/secure.gravatar.com\/avatar\/e7695502c40f0286057f0cb0ba2d4a1500be0717b94ada3d0328bda1f0ecd26d?s=96&d=mm&r=g","caption":"Erich Balan"}}]}},"magento_index":true,"_links":{"self":[{"href":"https:\/\/www.rausch-packaging.com\/blog\/at\/wp-json\/wp\/v2\/posts\/3904","targetHints":{"allow":["GET"]}}],"collection":[{"href":"https:\/\/www.rausch-packaging.com\/blog\/at\/wp-json\/wp\/v2\/posts"}],"about":[{"href":"https:\/\/www.rausch-packaging.com\/blog\/at\/wp-json\/wp\/v2\/types\/post"}],"author":[{"embeddable":true,"href":"https:\/\/www.rausch-packaging.com\/blog\/at\/wp-json\/wp\/v2\/users\/2"}],"replies":[{"embeddable":true,"href":"https:\/\/www.rausch-packaging.com\/blog\/at\/wp-json\/wp\/v2\/comments?post=3904"}],"version-history":[{"count":41,"href":"https:\/\/www.rausch-packaging.com\/blog\/at\/wp-json\/wp\/v2\/posts\/3904\/revisions"}],"predecessor-version":[{"id":19068,"href":"https:\/\/www.rausch-packaging.com\/blog\/at\/wp-json\/wp\/v2\/posts\/3904\/revisions\/19068"}],"wp:featuredmedia":[{"embeddable":true,"href":"https:\/\/www.rausch-packaging.com\/blog\/at\/wp-json\/wp\/v2\/media\/19046"}],"wp:attachment":[{"href":"https:\/\/www.rausch-packaging.com\/blog\/at\/wp-json\/wp\/v2\/media?parent=3904"}],"wp:term":[{"taxonomy":"category","embeddable":true,"href":"https:\/\/www.rausch-packaging.com\/blog\/at\/wp-json\/wp\/v2\/categories?post=3904"},{"taxonomy":"post_tag","embeddable":true,"href":"https:\/\/www.rausch-packaging.com\/blog\/at\/wp-json\/wp\/v2\/tags?post=3904"},{"taxonomy":"m2-product-id","embeddable":true,"href":"https:\/\/www.rausch-packaging.com\/blog\/at\/wp-json\/wp\/v2\/m2-product-id?post=3904"},{"taxonomy":"table_tags","embeddable":true,"href":"https:\/\/www.rausch-packaging.com\/blog\/at\/wp-json\/wp\/v2\/table_tags?post=3904"}],"curies":[{"name":"wp","href":"https:\/\/api.w.org\/{rel}","templated":true}]}}