{"id":4200,"date":"2016-12-19T00:00:36","date_gmt":"2016-12-18T23:00:36","guid":{"rendered":"https:\/\/www.rausch-packaging.com\/blog\/uncategorized-at\/sechs-verpackungstrends-fuer-2017\/"},"modified":"2023-07-14T09:23:55","modified_gmt":"2023-07-14T07:23:55","slug":"sechs-verpackungstrends-fuer-2017","status":"publish","type":"post","link":"https:\/\/www.rausch-packaging.com\/blog\/at\/inspiration-trend\/sechs-verpackungstrends-fuer-2017\/","title":{"rendered":"Sechs Verpackungstrends f\u00fcr 2017"},"content":{"rendered":"<div class=\"wpb-content-wrapper\"><p>[vc_row][vc_column][vc_custom_heading text=&#8220;Experten von RAUSCH geben ihre pers\u00f6nliche Prognose ab&#8220; use_theme_fonts=&#8220;yes&#8220;][vc_column_text]<strong>Das Jahr 2016 neigt sich dem Ende zu. Was 2017 f\u00fcr uns \u00abverpackt\u00bb hat, wissen wir noch nicht. Aber wir k\u00f6nnen eine Prognose abgeben, welche Themen uns im Bereich der Lebensmittelverpackung bewegen werden! Wir haben bei Experten von RAUSCH nachgefragt, was sie im kommenden Jahr als Trend sehen.<\/strong>[\/vc_column_text][\/vc_column][\/vc_row][vc_row][vc_column][vc_custom_heading text=&#8220;1) Mit nachhaltigen Verpackungen die Umwelt sch\u00fctzen&#8220; font_container=&#8220;tag:h3|text_align:left&#8220; use_theme_fonts=&#8220;yes&#8220; css=&#8220;.vc_custom_1582561760892{margin-top: 20px !important;border-top-width: 20px !important;padding-top: 20px !important;}&#8220;][vc_row_inner][vc_column_inner width=&#8220;1\/2&#8243;][vc_single_image image=&#8220;1733&#8243; img_size=&#8220;full&#8220; alignment=&#8220;center&#8220; css=&#8220;.vc_custom_1582561825560{margin-top: 10px !important;border-top-width: 10px !important;padding-top: 10px !important;}&#8220;][\/vc_column_inner][vc_column_inner width=&#8220;1\/2&#8243;][vc_column_text]<em>Sandra Leu, Produktmanagerin<\/em><\/p>\n<p>Der Wert von Lebensmitteln wird heute oftmals durch \u00f6kologische Verpackungsalternativen gesteigert. Diesen Trend sehe ich auch f\u00fcr 2017. Dabei gibt es unterschiedliche Ans\u00e4tze: Verpackungen k\u00f6nnen aus nachwachsenden Rohstoffen gefertigt sein oder die Materialien aus nachhaltig bewirtschafteten Anbaugebieten stammen. RAUSCH ist seit 2015 <a title=\"Nachhaltigkeit bei RAUSCH\" href=\"https:\/\/www.rausch-packaging.com\/de\/fsc-pefc-zertifizierung\" target=\"_self\" rel=\"noopener noreferrer\">PEFC- bzw. FSC<sup>\u00ae<\/sup>-zertifiziert<\/a> und wir merken hier eine steigende Nachfrage. Auch wiederverwendbare Verpackungen spielen eine immer gr\u00f6\u00dfere Rolle oder Materialien, die biologisch abbaubar sind. Im Trend sind zum Beispiel Produkte aus <a title=\"Wissenswertes rund um Bagasse\" href=\"https:\/\/www.rausch-packaging.com\/de\/nachhaltige-verpackung-aus-bagasse\" target=\"_self\" rel=\"noopener noreferrer\">Bagasse.<\/a>[\/vc_column_text][\/vc_column_inner][\/vc_row_inner][vc_column_text css=&#8220;.vc_custom_1582561951229{margin-top: 10px !important;border-top-width: 10px !important;padding-top: 10px !important;}&#8220;]Sie alle vermitteln dem Konsumenten das Gef\u00fchl, etwas Gutes f\u00fcr die Umwelt zu tun und unsere Erde zu sch\u00fctzen. Bietet der Konkurrent ein vergleichbares Angebot in einer anderen Verpackung, kann dieses Kriterium zu Ihrem Vorteil kaufentscheidend sein. Dabei sollten unsere Kunden beachten, dass sie den Mehrwert ihrer Verpackung auch entsprechend kommunizieren.[\/vc_column_text][\/vc_column][\/vc_row][vc_row][vc_column][vc_custom_heading text=&#8220;2) Praktische Verpackungen zum Mitnehmen&#8220; font_container=&#8220;tag:h3|text_align:left&#8220; use_theme_fonts=&#8220;yes&#8220; css=&#8220;.vc_custom_1582561965599{margin-top: 20px !important;border-top-width: 20px !important;padding-top: 20px !important;}&#8220;][vc_row_inner][vc_column_inner][vc_column_text]<em>Peter Halder, Verkaufsleiter RAUSCH Deutschland<\/em><\/p>\n<p>Unsere Welt wird immer mobiler \u2013 da braucht es praktische Verpackungen! Sie sollen vor allem unser Leben erleichtern und m\u00f6glichst viele Anforderungen erf\u00fcllen. Zum Mitnehmen sollten sie zum Beispiel wiederverschlie\u00dfbar sein, beim Essen vor Kleckern sch\u00fctzen oder auch schnell und umweltvertr\u00e4glich zu entsorgen sein. Wichtig ist dabei, dass sie Zeit sparen. Schlie\u00dflich werden diese Mahlzeiten unterwegs verspeist \u2013 und nicht bei einer l\u00e4ngeren Pause im Restaurant.<\/p>\n<p>Immer beliebter sind neben den ganz frischen Produkten \u00abto go\u00bb auch Convenience-Produkte, die der Kunde tiefgek\u00fchlt kauft und selbst aufb\u00e4ckt bzw. erw\u00e4rmt. Entsprechend braucht es die passende Verpackung mit den richtigen Barriereeigenschaften: Sie m\u00fcssen f\u00fcr das Einfrieren geeignet sein ebenso wie f\u00fcr das sp\u00e4tere Erhitzen. Das spiegelt auch die Entwicklung wider, dass es immer mehr Singles- und Seniorenhaushalte gibt. Entsprechend gilt es die Gr\u00f6\u00dfe und Funktionalit\u00e4t darauf abzustimmen. Gew\u00fcnscht sind praktikable Verpackungen f\u00fcr alle Lebenslagen![\/vc_column_text][\/vc_column_inner][\/vc_row_inner][\/vc_column][\/vc_row][vc_row][vc_column][vc_custom_heading text=&#8220;3) Zur\u00fcck zum Ursprung&#8220; font_container=&#8220;tag:h3|text_align:left&#8220; use_theme_fonts=&#8220;yes&#8220; css=&#8220;.vc_custom_1582562020487{margin-top: 20px !important;border-top-width: 20px !important;padding-top: 20px !important;}&#8220;][vc_row_inner][vc_column_inner width=&#8220;1\/2&#8243;][vc_single_image image=&#8220;1739&#8243; img_size=&#8220;full&#8220; alignment=&#8220;center&#8220; css=&#8220;.vc_custom_1582562098709{margin-top: 10px !important;border-top-width: 10px !important;padding-top: 10px !important;}&#8220;][\/vc_column_inner][vc_column_inner width=&#8220;1\/2&#8243;][vc_column_text]<em>Lucia Kroi\u00df, Produktmanagerin<\/em><\/p>\n<p>Der Trend zum \u00abClean Label\u00bb wird f\u00fcr mich weiter zunehmen. Gefragt sind Lebensmittel, die handgefertigt werden und keinerlei \u00abk\u00fcnstliche\u00bb Zusatzstoffe wie Farbstoffe oder Konservierungsstoffe enthalten. Die Ern\u00e4hrung ist oftmals Ausdruck der eigenen Pers\u00f6nlichkeit geworden. Man denke nur an vegane oder proteinreiche Ern\u00e4hrung, Super-Foods oder Clean Eating. Daher achten die Menschen auch mehr darauf, was sie zu sich nehmen \u2013 ganz nach dem Motto \u00abDu bist, was du isst\u00bb. Gleichzeitig soll das Essen Gourmet-Anspr\u00fcchen gen\u00fcgen.[\/vc_column_text][\/vc_column_inner][\/vc_row_inner][vc_column_text css=&#8220;.vc_custom_1582562061508{margin-top: 10px !important;border-top-width: 10px !important;padding-top: 10px !important;}&#8220;]Es gilt diese Wertversprechen des Lebensmittelangebots durch die passende Verpackung zu transportieren \u2013 sei es durch handwerklich wirkende Verpackungen wie Holzbackformen, braune, naturbelassen-wirkende Verpackungen oder durch Reduzierung der Werbebotschaften bzw. Aufdrucke. Fokussiert auf das Wesentliche zeugen die Verpackungen von Authentizit\u00e4t.[\/vc_column_text][\/vc_column][\/vc_row][vc_row][vc_column][vc_custom_heading text=&#8220;4) Genuss \u2013 wo immer gew\u00fcnscht&#8220; font_container=&#8220;tag:h3|text_align:left&#8220; use_theme_fonts=&#8220;yes&#8220; css=&#8220;.vc_custom_1582562078014{margin-top: 20px !important;border-top-width: 20px !important;padding-top: 20px !important;}&#8220;][vc_row_inner][vc_column_inner width=&#8220;1\/2&#8243;][vc_single_image image=&#8220;1742&#8243; img_size=&#8220;full&#8220; alignment=&#8220;center&#8220; css=&#8220;.vc_custom_1582562120642{margin-top: 10px !important;border-top-width: 10px !important;padding-top: 10px !important;}&#8220;][\/vc_column_inner][vc_column_inner width=&#8220;1\/2&#8243;][vc_column_text]<em>Robert Mandl, Verkaufsleiter RAUSCH \u00d6sterreich<\/em><\/p>\n<p>In meinen Augen wird 2017 vom Thema \u00abInfinite Food\u00bb bestimmt sein. Die Menschen essen nicht mehr klassischerweise drei Mahlzeiten am Tag, sondern wann sie m\u00f6chten und Zeit haben. Hier steckt gro\u00dfes Potential f\u00fcr Anbieter von Snacks und Take-away, mit spannenden Konzepten die Konsumenten von sich zu \u00fcberzeugen. Diese Nachfrage hat sich schon bei den beliebten Food-Trucks gezeigt. Die Menschen m\u00f6chten nicht mehr zur klassischen W\u00fcrstchenbude gehen, sondern lieber qualitativ hochwertige, gesunde und abwechslungsreiche Speisen bei Food-Trucks bestellen.[\/vc_column_text][\/vc_column_inner][\/vc_row_inner][vc_column_text css=&#8220;.vc_custom_1582562191436{margin-top: 10px !important;border-top-width: 10px !important;padding-top: 10px !important;}&#8220;]Oder sie nutzen den Lieferservice ihres Lieblingsrestaurants, schlie\u00dflich bieten inzwischen auch hochpreisige Lokale ihre Speisen f\u00fcr die Bestellung nach Hause an.<\/p>\n<p>Zugleich wird Essen auch immer mehr an Orten gereicht, an denen es nicht erwartet wird. Ob im Modegesch\u00e4ft, Autohaus oder der Buchhandlung \u2013 kleine Snacks oder eine Tasse Kaffee sind beim Kunden gerne gesehen. So kann jeder zum Gastronom werden![\/vc_column_text][\/vc_column][\/vc_row][vc_row][vc_column][vc_custom_heading text=&#8220;5) Verpackung nach Ma\u00df&#8220; font_container=&#8220;tag:h3|text_align:left&#8220; use_theme_fonts=&#8220;yes&#8220; css=&#8220;.vc_custom_1582562203684{margin-top: 20px !important;border-top-width: 20px !important;padding-top: 20px !important;}&#8220;][vc_row_inner][vc_column_inner width=&#8220;1\/2&#8243;][vc_single_image image=&#8220;1746&#8243; img_size=&#8220;full&#8220; alignment=&#8220;center&#8220; css=&#8220;.vc_custom_1582562219257{margin-top: 10px !important;border-top-width: 10px !important;padding-top: 10px !important;}&#8220;][\/vc_column_inner][vc_column_inner width=&#8220;1\/2&#8243;][vc_column_text]<em>Michael Thum, Verkaufsleiter RAUSCH Schweiz<\/em><\/p>\n<p>Individualisierung ist f\u00fcr mich das Stichwort f\u00fcr 2017! Das Au\u00dfer-Haus-Gesch\u00e4ft boomt und entsprechend steigt auch die Konkurrenz unter den Anbietern. Wer sich hier absetzen m\u00f6chte, hat mit <a title=\"Individuelle Verpackungen von RAUSCH\" href=\"https:\/\/www.rausch-packaging.com\/at\/individuelle-verpackungen\" target=\"_self\" rel=\"noopener noreferrer\">individuell bedruckten Verpackungen<\/a> ein tolles Marketinginstrument an der Hand. Sind die Snacks oder Getr\u00e4nke zum Mitnehmen und werden unterwegs konsumiert, sehen auch andere Menschen die Verpackung mit dem eigenen Logo. So steigern Gesch\u00e4fte \u2013 ohne zus\u00e4tzliche Kosten \u2013 ihre Bekanntheit und st\u00e4rken ihre Marke. Es unterstreicht auch den Qualit\u00e4tsanspruch des Unternehmens, wenn Speisen oder Getr\u00e4nke nicht in einer beliebigen Verpackung gereicht werden.[\/vc_column_text][\/vc_column_inner][\/vc_row_inner][vc_column_text css=&#8220;.vc_custom_1582562280010{margin-top: 10px !important;border-top-width: 10px !important;padding-top: 10px !important;}&#8220;]<\/p>\n<p>Die Entwicklung der personalisierten Verpackungen kann etwas Zeit ben\u00f6tigen. Wenn ein Projekt schnell und unkompliziert umgesetzt werden soll, empfiehlt sich eine einheitliche Verpackungslinie wie etwa <a title=\"Verpackungslinie \u00abFRISCH &amp; fein\u00bb von RAUSCH\" href=\"https:\/\/www.rausch-packaging.com\/at\/frisch-und-fein-verpackungsdesign\" target=\"_self\" rel=\"noopener noreferrer\">\u00abFRISCH &amp; fein\u00bb<\/a>. Wie bei unserem gesamten Standardsortiment bieten wir hier den Service, die bestellte Ware in der Regel innerhalb von 24 Stunden zu liefern. Das ist auf dem Markt gefragt.<\/p>\n<p>[\/vc_column_text][\/vc_column][\/vc_row][vc_row][vc_column][vc_custom_heading text=&#8220;6) Sicher verpackt&#8220; font_container=&#8220;tag:h3|text_align:left&#8220; use_theme_fonts=&#8220;yes&#8220; css=&#8220;.vc_custom_1582562297932{margin-top: 20px !important;border-top-width: 20px !important;padding-top: 20px !important;}&#8220;][vc_row_inner][vc_column_inner][vc_column_text]<em>Gabriele Handstanger, Gesch\u00e4ftsbereichsleiterin RAUSCH<\/em><\/p>\n<p>Ein Thema, das die Branche aus meiner Sicht 2017 bewegen wird, ist die Frage nach Sicherheit. Kunden w\u00fcnschen vermehrt qualitativ hochwertige Speisen \u2013 am besten regional und biologisch angebaut \u2013, die auch in einer passenden Verpackung gereicht werden sollten. F\u00fcr die Anbieter von Lebensmitteln gilt es, sich verst\u00e4rkt Gedanken dar\u00fcber zu machen. Sind meine Speisen sicher und qualitativ hochwertig eingepackt? Schlie\u00dflich verl\u00e4sst sich Ihr Kunde darauf, dass seine Mahlzeit in einer lebensmittelechten Verpackung gereicht wird.<\/p>\n<p>Bei RAUSCH sichert unser Qualit\u00e4tsmanager die Konformit\u00e4t der Verpackungen. Die Nachfrage nach entsprechenden Best\u00e4tigungen steigt bei unseren Kunden, denen wir gerne die Dokumente zukommen lassen.[\/vc_column_text][\/vc_column_inner][\/vc_row_inner][\/vc_column][\/vc_row]<\/p>\n<\/div>","protected":false},"excerpt":{"rendered":"<p>Das Jahr 2016 neigt sich dem Ende zu. Was 2017 f\u00fcr uns \u00abverpackt\u00bb hat, wissen wir noch nicht. Aber wir k\u00f6nnen eine Prognose abgeben, welche Themen uns im Bereich der Lebensmittelverpackung bewegen werden! Wir haben bei Experten von RAUSCH nachgefragt, was sie im kommenden Jahr als Trend sehen.<\/p>\n","protected":false},"author":2,"featured_media":1730,"comment_status":"open","ping_status":"open","sticky":false,"template":"","format":"standard","meta":{"footnotes":""},"categories":[52],"tags":[],"m2-product-id":[],"table_tags":[],"class_list":["post-4200","post","type-post","status-publish","format-standard","has-post-thumbnail","hentry","category-inspiration-trend","category-52","description-off"],"yoast_head":"<!-- This site is optimized with the Yoast SEO plugin v26.2 - https:\/\/yoast.com\/wordpress\/plugins\/seo\/ -->\n<title>Sechs Verpackungstrends f\u00fcr 2017 | RAUSCH-Blog<\/title>\n<meta name=\"description\" content=\"Welche Themen werden uns im Bereich Lebensmittelverpackung bewegen? Wir haben Experten von RAUSCH befragt, was sie im kommenden Jahr als Trend sehen.\" \/>\n<meta name=\"robots\" content=\"index, follow, max-snippet:-1, max-image-preview:large, max-video-preview:-1\" \/>\n<link rel=\"canonical\" href=\"https:\/\/www.rausch-packaging.com\/blog\/at\/inspiration-trend\/sechs-verpackungstrends-fuer-2017\/\" \/>\n<meta property=\"og:locale\" content=\"de_DE\" \/>\n<meta property=\"og:type\" content=\"article\" \/>\n<meta property=\"og:title\" content=\"Sechs Verpackungstrends f\u00fcr 2017 | RAUSCH-Blog\" \/>\n<meta property=\"og:description\" content=\"Welche Themen werden uns im Bereich Lebensmittelverpackung bewegen? Wir haben Experten von RAUSCH befragt, was sie im kommenden Jahr als Trend sehen.\" \/>\n<meta property=\"og:url\" content=\"https:\/\/www.rausch-packaging.com\/blog\/at\/inspiration-trend\/sechs-verpackungstrends-fuer-2017\/\" \/>\n<meta property=\"og:site_name\" content=\"RAUSCH-Blog\" \/>\n<meta property=\"article:published_time\" content=\"2016-12-18T23:00:36+00:00\" \/>\n<meta property=\"article:modified_time\" content=\"2023-07-14T07:23:55+00:00\" \/>\n<meta property=\"og:image\" content=\"https:\/\/www.rausch-packaging.com\/blog\/wp-content\/uploads\/2020\/02\/image_1-10.jpg\" \/>\n\t<meta property=\"og:image:width\" content=\"867\" \/>\n\t<meta property=\"og:image:height\" content=\"380\" \/>\n\t<meta property=\"og:image:type\" content=\"image\/jpeg\" \/>\n<meta name=\"author\" content=\"Erich Balan\" \/>\n<meta name=\"twitter:card\" content=\"summary_large_image\" \/>\n<meta name=\"twitter:title\" content=\"Sechs Verpackungstrends f\u00fcr 2017 | RAUSCH-Blog\" \/>\n<meta name=\"twitter:description\" content=\"Welche Themen werden uns im Bereich Lebensmittelverpackung bewegen? Wir haben Experten von RAUSCH befragt, was sie im kommenden Jahr als Trend sehen.\" \/>\n<meta name=\"twitter:label1\" content=\"Verfasst von\" \/>\n\t<meta name=\"twitter:data1\" content=\"Erich Balan\" \/>\n\t<meta name=\"twitter:label2\" content=\"Gesch\u00e4tzte Lesezeit\" \/>\n\t<meta name=\"twitter:data2\" content=\"6 Minuten\" \/>\n<script type=\"application\/ld+json\" class=\"yoast-schema-graph\">{\"@context\":\"https:\/\/schema.org\",\"@graph\":[{\"@type\":\"Article\",\"@id\":\"https:\/\/www.rausch-packaging.com\/blog\/at\/inspiration-trend\/sechs-verpackungstrends-fuer-2017\/#article\",\"isPartOf\":{\"@id\":\"https:\/\/www.rausch-packaging.com\/blog\/at\/inspiration-trend\/sechs-verpackungstrends-fuer-2017\/\"},\"author\":{\"name\":\"Erich Balan\",\"@id\":\"https:\/\/www.rausch-packaging.com\/blog\/at\/#\/schema\/person\/d0c096e25f5a43bc1d27b0321ffba9a8\"},\"headline\":\"Sechs Verpackungstrends f\u00fcr 2017\",\"datePublished\":\"2016-12-18T23:00:36+00:00\",\"dateModified\":\"2023-07-14T07:23:55+00:00\",\"mainEntityOfPage\":{\"@id\":\"https:\/\/www.rausch-packaging.com\/blog\/at\/inspiration-trend\/sechs-verpackungstrends-fuer-2017\/\"},\"wordCount\":1451,\"commentCount\":0,\"publisher\":{\"@id\":\"https:\/\/www.rausch-packaging.com\/blog\/at\/#organization\"},\"image\":{\"@id\":\"https:\/\/www.rausch-packaging.com\/blog\/at\/inspiration-trend\/sechs-verpackungstrends-fuer-2017\/#primaryimage\"},\"thumbnailUrl\":\"https:\/\/www.rausch-packaging.com\/blog\/wp-content\/uploads\/2020\/02\/image_1-10.jpg\",\"articleSection\":[\"Inspiration &amp; Trend\"],\"inLanguage\":\"de-AT\",\"potentialAction\":[{\"@type\":\"CommentAction\",\"name\":\"Comment\",\"target\":[\"https:\/\/www.rausch-packaging.com\/blog\/at\/inspiration-trend\/sechs-verpackungstrends-fuer-2017\/#respond\"]}]},{\"@type\":\"WebPage\",\"@id\":\"https:\/\/www.rausch-packaging.com\/blog\/at\/inspiration-trend\/sechs-verpackungstrends-fuer-2017\/\",\"url\":\"https:\/\/www.rausch-packaging.com\/blog\/at\/inspiration-trend\/sechs-verpackungstrends-fuer-2017\/\",\"name\":\"Sechs Verpackungstrends f\u00fcr 2017 | RAUSCH-Blog\",\"isPartOf\":{\"@id\":\"https:\/\/www.rausch-packaging.com\/blog\/at\/#website\"},\"primaryImageOfPage\":{\"@id\":\"https:\/\/www.rausch-packaging.com\/blog\/at\/inspiration-trend\/sechs-verpackungstrends-fuer-2017\/#primaryimage\"},\"image\":{\"@id\":\"https:\/\/www.rausch-packaging.com\/blog\/at\/inspiration-trend\/sechs-verpackungstrends-fuer-2017\/#primaryimage\"},\"thumbnailUrl\":\"https:\/\/www.rausch-packaging.com\/blog\/wp-content\/uploads\/2020\/02\/image_1-10.jpg\",\"datePublished\":\"2016-12-18T23:00:36+00:00\",\"dateModified\":\"2023-07-14T07:23:55+00:00\",\"description\":\"Welche Themen werden uns im Bereich Lebensmittelverpackung bewegen? Wir haben Experten von RAUSCH befragt, was sie im kommenden Jahr als Trend sehen.\",\"breadcrumb\":{\"@id\":\"https:\/\/www.rausch-packaging.com\/blog\/at\/inspiration-trend\/sechs-verpackungstrends-fuer-2017\/#breadcrumb\"},\"inLanguage\":\"de-AT\",\"potentialAction\":[{\"@type\":\"ReadAction\",\"target\":[\"https:\/\/www.rausch-packaging.com\/blog\/at\/inspiration-trend\/sechs-verpackungstrends-fuer-2017\/\"]}]},{\"@type\":\"ImageObject\",\"inLanguage\":\"de-AT\",\"@id\":\"https:\/\/www.rausch-packaging.com\/blog\/at\/inspiration-trend\/sechs-verpackungstrends-fuer-2017\/#primaryimage\",\"url\":\"https:\/\/www.rausch-packaging.com\/blog\/wp-content\/uploads\/2020\/02\/image_1-10.jpg\",\"contentUrl\":\"https:\/\/www.rausch-packaging.com\/blog\/wp-content\/uploads\/2020\/02\/image_1-10.jpg\",\"width\":867,\"height\":380,\"caption\":\"2017\"},{\"@type\":\"BreadcrumbList\",\"@id\":\"https:\/\/www.rausch-packaging.com\/blog\/at\/inspiration-trend\/sechs-verpackungstrends-fuer-2017\/#breadcrumb\",\"itemListElement\":[{\"@type\":\"ListItem\",\"position\":1,\"name\":\"Startseite\",\"item\":\"https:\/\/www.rausch-packaging.com\/blog\/at\/\"},{\"@type\":\"ListItem\",\"position\":2,\"name\":\"Sechs Verpackungstrends f\u00fcr 2017\"}]},{\"@type\":\"WebSite\",\"@id\":\"https:\/\/www.rausch-packaging.com\/blog\/at\/#website\",\"url\":\"https:\/\/www.rausch-packaging.com\/blog\/at\/\",\"name\":\"RAUSCH-Blog\",\"description\":\"\",\"publisher\":{\"@id\":\"https:\/\/www.rausch-packaging.com\/blog\/at\/#organization\"},\"potentialAction\":[{\"@type\":\"SearchAction\",\"target\":{\"@type\":\"EntryPoint\",\"urlTemplate\":\"https:\/\/www.rausch-packaging.com\/blog\/at\/?s={search_term_string}\"},\"query-input\":{\"@type\":\"PropertyValueSpecification\",\"valueRequired\":true,\"valueName\":\"search_term_string\"}}],\"inLanguage\":\"de-AT\"},{\"@type\":\"Organization\",\"@id\":\"https:\/\/www.rausch-packaging.com\/blog\/at\/#organization\",\"name\":\"Rausch Verpackung\",\"url\":\"https:\/\/www.rausch-packaging.com\/blog\/at\/\",\"logo\":{\"@type\":\"ImageObject\",\"inLanguage\":\"de-AT\",\"@id\":\"https:\/\/www.rausch-packaging.com\/blog\/at\/#\/schema\/logo\/image\/\",\"url\":\"https:\/\/www.rausch-packaging.com\/blog\/wp-content\/uploads\/2022\/04\/rausch-logo.svg\",\"contentUrl\":\"https:\/\/www.rausch-packaging.com\/blog\/wp-content\/uploads\/2022\/04\/rausch-logo.svg\",\"width\":1,\"height\":1,\"caption\":\"Rausch Verpackung\"},\"image\":{\"@id\":\"https:\/\/www.rausch-packaging.com\/blog\/at\/#\/schema\/logo\/image\/\"}},{\"@type\":\"Person\",\"@id\":\"https:\/\/www.rausch-packaging.com\/blog\/at\/#\/schema\/person\/d0c096e25f5a43bc1d27b0321ffba9a8\",\"name\":\"Erich Balan\",\"image\":{\"@type\":\"ImageObject\",\"inLanguage\":\"de-AT\",\"@id\":\"https:\/\/www.rausch-packaging.com\/blog\/at\/#\/schema\/person\/image\/\",\"url\":\"https:\/\/secure.gravatar.com\/avatar\/e7695502c40f0286057f0cb0ba2d4a1500be0717b94ada3d0328bda1f0ecd26d?s=96&d=mm&r=g\",\"contentUrl\":\"https:\/\/secure.gravatar.com\/avatar\/e7695502c40f0286057f0cb0ba2d4a1500be0717b94ada3d0328bda1f0ecd26d?s=96&d=mm&r=g\",\"caption\":\"Erich Balan\"}}]}<\/script>\n<!-- \/ Yoast SEO plugin. -->","yoast_head_json":{"title":"Sechs Verpackungstrends f\u00fcr 2017 | RAUSCH-Blog","description":"Welche Themen werden uns im Bereich Lebensmittelverpackung bewegen? Wir haben Experten von RAUSCH befragt, was sie im kommenden Jahr als Trend sehen.","robots":{"index":"index","follow":"follow","max-snippet":"max-snippet:-1","max-image-preview":"max-image-preview:large","max-video-preview":"max-video-preview:-1"},"canonical":"https:\/\/www.rausch-packaging.com\/blog\/at\/inspiration-trend\/sechs-verpackungstrends-fuer-2017\/","og_locale":"de_DE","og_type":"article","og_title":"Sechs Verpackungstrends f\u00fcr 2017 | RAUSCH-Blog","og_description":"Welche Themen werden uns im Bereich Lebensmittelverpackung bewegen? Wir haben Experten von RAUSCH befragt, was sie im kommenden Jahr als Trend sehen.","og_url":"https:\/\/www.rausch-packaging.com\/blog\/at\/inspiration-trend\/sechs-verpackungstrends-fuer-2017\/","og_site_name":"RAUSCH-Blog","article_published_time":"2016-12-18T23:00:36+00:00","article_modified_time":"2023-07-14T07:23:55+00:00","og_image":[{"width":867,"height":380,"url":"https:\/\/www.rausch-packaging.com\/blog\/wp-content\/uploads\/2020\/02\/image_1-10.jpg","type":"image\/jpeg"}],"author":"Erich Balan","twitter_card":"summary_large_image","twitter_title":"Sechs Verpackungstrends f\u00fcr 2017 | RAUSCH-Blog","twitter_description":"Welche Themen werden uns im Bereich Lebensmittelverpackung bewegen? Wir haben Experten von RAUSCH befragt, was sie im kommenden Jahr als Trend sehen.","twitter_misc":{"Verfasst von":"Erich Balan","Gesch\u00e4tzte Lesezeit":"6 Minuten"},"schema":{"@context":"https:\/\/schema.org","@graph":[{"@type":"Article","@id":"https:\/\/www.rausch-packaging.com\/blog\/at\/inspiration-trend\/sechs-verpackungstrends-fuer-2017\/#article","isPartOf":{"@id":"https:\/\/www.rausch-packaging.com\/blog\/at\/inspiration-trend\/sechs-verpackungstrends-fuer-2017\/"},"author":{"name":"Erich Balan","@id":"https:\/\/www.rausch-packaging.com\/blog\/at\/#\/schema\/person\/d0c096e25f5a43bc1d27b0321ffba9a8"},"headline":"Sechs Verpackungstrends f\u00fcr 2017","datePublished":"2016-12-18T23:00:36+00:00","dateModified":"2023-07-14T07:23:55+00:00","mainEntityOfPage":{"@id":"https:\/\/www.rausch-packaging.com\/blog\/at\/inspiration-trend\/sechs-verpackungstrends-fuer-2017\/"},"wordCount":1451,"commentCount":0,"publisher":{"@id":"https:\/\/www.rausch-packaging.com\/blog\/at\/#organization"},"image":{"@id":"https:\/\/www.rausch-packaging.com\/blog\/at\/inspiration-trend\/sechs-verpackungstrends-fuer-2017\/#primaryimage"},"thumbnailUrl":"https:\/\/www.rausch-packaging.com\/blog\/wp-content\/uploads\/2020\/02\/image_1-10.jpg","articleSection":["Inspiration &amp; Trend"],"inLanguage":"de-AT","potentialAction":[{"@type":"CommentAction","name":"Comment","target":["https:\/\/www.rausch-packaging.com\/blog\/at\/inspiration-trend\/sechs-verpackungstrends-fuer-2017\/#respond"]}]},{"@type":"WebPage","@id":"https:\/\/www.rausch-packaging.com\/blog\/at\/inspiration-trend\/sechs-verpackungstrends-fuer-2017\/","url":"https:\/\/www.rausch-packaging.com\/blog\/at\/inspiration-trend\/sechs-verpackungstrends-fuer-2017\/","name":"Sechs Verpackungstrends f\u00fcr 2017 | RAUSCH-Blog","isPartOf":{"@id":"https:\/\/www.rausch-packaging.com\/blog\/at\/#website"},"primaryImageOfPage":{"@id":"https:\/\/www.rausch-packaging.com\/blog\/at\/inspiration-trend\/sechs-verpackungstrends-fuer-2017\/#primaryimage"},"image":{"@id":"https:\/\/www.rausch-packaging.com\/blog\/at\/inspiration-trend\/sechs-verpackungstrends-fuer-2017\/#primaryimage"},"thumbnailUrl":"https:\/\/www.rausch-packaging.com\/blog\/wp-content\/uploads\/2020\/02\/image_1-10.jpg","datePublished":"2016-12-18T23:00:36+00:00","dateModified":"2023-07-14T07:23:55+00:00","description":"Welche Themen werden uns im Bereich Lebensmittelverpackung bewegen? Wir haben Experten von RAUSCH befragt, was sie im kommenden Jahr als Trend sehen.","breadcrumb":{"@id":"https:\/\/www.rausch-packaging.com\/blog\/at\/inspiration-trend\/sechs-verpackungstrends-fuer-2017\/#breadcrumb"},"inLanguage":"de-AT","potentialAction":[{"@type":"ReadAction","target":["https:\/\/www.rausch-packaging.com\/blog\/at\/inspiration-trend\/sechs-verpackungstrends-fuer-2017\/"]}]},{"@type":"ImageObject","inLanguage":"de-AT","@id":"https:\/\/www.rausch-packaging.com\/blog\/at\/inspiration-trend\/sechs-verpackungstrends-fuer-2017\/#primaryimage","url":"https:\/\/www.rausch-packaging.com\/blog\/wp-content\/uploads\/2020\/02\/image_1-10.jpg","contentUrl":"https:\/\/www.rausch-packaging.com\/blog\/wp-content\/uploads\/2020\/02\/image_1-10.jpg","width":867,"height":380,"caption":"2017"},{"@type":"BreadcrumbList","@id":"https:\/\/www.rausch-packaging.com\/blog\/at\/inspiration-trend\/sechs-verpackungstrends-fuer-2017\/#breadcrumb","itemListElement":[{"@type":"ListItem","position":1,"name":"Startseite","item":"https:\/\/www.rausch-packaging.com\/blog\/at\/"},{"@type":"ListItem","position":2,"name":"Sechs Verpackungstrends f\u00fcr 2017"}]},{"@type":"WebSite","@id":"https:\/\/www.rausch-packaging.com\/blog\/at\/#website","url":"https:\/\/www.rausch-packaging.com\/blog\/at\/","name":"RAUSCH-Blog","description":"","publisher":{"@id":"https:\/\/www.rausch-packaging.com\/blog\/at\/#organization"},"potentialAction":[{"@type":"SearchAction","target":{"@type":"EntryPoint","urlTemplate":"https:\/\/www.rausch-packaging.com\/blog\/at\/?s={search_term_string}"},"query-input":{"@type":"PropertyValueSpecification","valueRequired":true,"valueName":"search_term_string"}}],"inLanguage":"de-AT"},{"@type":"Organization","@id":"https:\/\/www.rausch-packaging.com\/blog\/at\/#organization","name":"Rausch Verpackung","url":"https:\/\/www.rausch-packaging.com\/blog\/at\/","logo":{"@type":"ImageObject","inLanguage":"de-AT","@id":"https:\/\/www.rausch-packaging.com\/blog\/at\/#\/schema\/logo\/image\/","url":"https:\/\/www.rausch-packaging.com\/blog\/wp-content\/uploads\/2022\/04\/rausch-logo.svg","contentUrl":"https:\/\/www.rausch-packaging.com\/blog\/wp-content\/uploads\/2022\/04\/rausch-logo.svg","width":1,"height":1,"caption":"Rausch Verpackung"},"image":{"@id":"https:\/\/www.rausch-packaging.com\/blog\/at\/#\/schema\/logo\/image\/"}},{"@type":"Person","@id":"https:\/\/www.rausch-packaging.com\/blog\/at\/#\/schema\/person\/d0c096e25f5a43bc1d27b0321ffba9a8","name":"Erich Balan","image":{"@type":"ImageObject","inLanguage":"de-AT","@id":"https:\/\/www.rausch-packaging.com\/blog\/at\/#\/schema\/person\/image\/","url":"https:\/\/secure.gravatar.com\/avatar\/e7695502c40f0286057f0cb0ba2d4a1500be0717b94ada3d0328bda1f0ecd26d?s=96&d=mm&r=g","contentUrl":"https:\/\/secure.gravatar.com\/avatar\/e7695502c40f0286057f0cb0ba2d4a1500be0717b94ada3d0328bda1f0ecd26d?s=96&d=mm&r=g","caption":"Erich Balan"}}]}},"magento_index":false,"_links":{"self":[{"href":"https:\/\/www.rausch-packaging.com\/blog\/at\/wp-json\/wp\/v2\/posts\/4200","targetHints":{"allow":["GET"]}}],"collection":[{"href":"https:\/\/www.rausch-packaging.com\/blog\/at\/wp-json\/wp\/v2\/posts"}],"about":[{"href":"https:\/\/www.rausch-packaging.com\/blog\/at\/wp-json\/wp\/v2\/types\/post"}],"author":[{"embeddable":true,"href":"https:\/\/www.rausch-packaging.com\/blog\/at\/wp-json\/wp\/v2\/users\/2"}],"replies":[{"embeddable":true,"href":"https:\/\/www.rausch-packaging.com\/blog\/at\/wp-json\/wp\/v2\/comments?post=4200"}],"version-history":[{"count":9,"href":"https:\/\/www.rausch-packaging.com\/blog\/at\/wp-json\/wp\/v2\/posts\/4200\/revisions"}],"predecessor-version":[{"id":12650,"href":"https:\/\/www.rausch-packaging.com\/blog\/at\/wp-json\/wp\/v2\/posts\/4200\/revisions\/12650"}],"wp:featuredmedia":[{"embeddable":true,"href":"https:\/\/www.rausch-packaging.com\/blog\/at\/wp-json\/wp\/v2\/media\/1730"}],"wp:attachment":[{"href":"https:\/\/www.rausch-packaging.com\/blog\/at\/wp-json\/wp\/v2\/media?parent=4200"}],"wp:term":[{"taxonomy":"category","embeddable":true,"href":"https:\/\/www.rausch-packaging.com\/blog\/at\/wp-json\/wp\/v2\/categories?post=4200"},{"taxonomy":"post_tag","embeddable":true,"href":"https:\/\/www.rausch-packaging.com\/blog\/at\/wp-json\/wp\/v2\/tags?post=4200"},{"taxonomy":"m2-product-id","embeddable":true,"href":"https:\/\/www.rausch-packaging.com\/blog\/at\/wp-json\/wp\/v2\/m2-product-id?post=4200"},{"taxonomy":"table_tags","embeddable":true,"href":"https:\/\/www.rausch-packaging.com\/blog\/at\/wp-json\/wp\/v2\/table_tags?post=4200"}],"curies":[{"name":"wp","href":"https:\/\/api.w.org\/{rel}","templated":true}]}}