{"id":16274,"date":"2024-08-28T13:17:19","date_gmt":"2024-08-28T11:17:19","guid":{"rendered":"https:\/\/www.rausch-packaging.com\/blog\/uncategorized\/verpackungen-individuell-gestalten-5-tipps-zur-professionellen-vorbereitung-ihres-kreativen-prozesses\/"},"modified":"2024-08-28T13:22:06","modified_gmt":"2024-08-28T11:22:06","slug":"verpackungen-gestalten","status":"publish","type":"post","link":"https:\/\/www.rausch-packaging.com\/blog\/ch_de\/verpackungswissen\/verpackungen-gestalten\/","title":{"rendered":"Verpackungen individuell gestalten \u2013 5 Tipps zur professionellen Vorbereitung Ihres kreativen Prozesses"},"content":{"rendered":"<div class=\"wpb-content-wrapper\"><p>[vc_row][vc_column][vc_custom_heading text=&#187;Lebensmittelverpackungen individuell mit Ihrem Firmenlogo oder in Ihrem CI-Design bedrucken: Wir geben Ihnen hilfreiche Tipps f\u00fcr die Druckvorbereitung.&#187; use_theme_fonts=&#187;yes&#187; css=&#187;&#187;][vc_column_text css=&#187;&#187;]<strong>Die M\u00f6glichkeiten, Ihre gew\u00fcnschte Lebensmittelverpackung zu individualisieren, sind vielf\u00e4ltig. Ob Becher aus Pappe oder Kunststoff, T\u00fcten, Taschen, Servietten, Pizzakartons und Co.: Bedruckt mit Ihrem Logo oder in Ihrem Design unterstreichen Sie die Qualit\u00e4t Ihrer Produkte. \u00a0Wichtig dabei ist ein professioneller Druck. Nachstehend geben wir Ihnen 5 hilfreiche Tipps f\u00fcr die grafische Umsetzung Ihrer individuellen Verpackung. So k\u00f6nnen Sie am Schluss Ihr mit Ihrem Logo versehenen Produkt erfolgreich als Marketinginstrument f\u00fcr Ihr Unternehmen einsetzen.<\/strong>[\/vc_column_text][vc_empty_space][\/vc_column][\/vc_row][vc_row][vc_column][vc_column_text css=&#187;&#187;]<\/p>\n<h3><span lang=\"DE\">5 Tipps f\u00fcr die Druckvorbereitung auf einen Blick:<\/span><\/h3>\n<p>[\/vc_column_text][vc_empty_space height=&#187;16px&#187;][vc_column_text css=&#187;&#187;]<\/p>\n<ul>\n<li><a href=\"#materialauswahl\">Materialauswahl<\/a><\/li>\n<li><a href=\"#design-tipps\">Design-Tipps<\/a><\/li>\n<li><a href=\"#sonderfarben\">Sonderfarben zuweisen<\/a><\/li>\n<li><a href=\"#elemente\">Elemente platzieren &amp; Logo verkr\u00fcmmen<\/a><\/li>\n<li><a href=\"#exportdatei\">Export-Datei richtig speichern<\/a><\/li>\n<\/ul>\n<p>[\/vc_column_text][\/vc_column][\/vc_row][vc_row el_class=&#187;wrapper-infobox&#187; css=&#187;.vc_custom_1582549756793{padding-top: 40px !important;padding-bottom: 40px !important;}&#187;][vc_column][vc_row_inner][vc_column_inner el_class=&#187;infobox-image&#187;][vc_single_image image=&#187;3685&#8243; el_class=&#187;infobox-badge&#187;][vc_cta h2=&#187;&#187; shape=&#187;square&#187; css=&#187;.vc_custom_1724827028572{padding-top: 30px !important;padding-right: 30px !important;padding-bottom: 30px !important;padding-left: 100px !important;background-color: #eaeaea !important;}&#187; el_class=&#187;infobox-text&#187;]Unser Ratgeber <a href=\"https:\/\/www.rausch-packaging.com\/blog\/ch_de\/kostenloses-e-book-logoentwicklung\/\">\u00abDie Logoentwicklung von der Idee bis zum Druck\u00bb<\/a> gibt Ihnen einen \u00dcberblick \u00fcber die wichtigsten Schritte und Regeln bei der Erstellung eines Logos.[\/vc_cta][\/vc_column_inner][\/vc_row_inner][\/vc_column][\/vc_row][vc_row css=&#187;.vc_custom_1582877242637{margin-top: 10px !important;border-top-width: 10px !important;padding-top: 10px !important;}&#187;][vc_column][vc_column_text css=&#187;&#187;]<\/p>\n<h3><span lang=\"DE\">Druckvorbereitung im Detail<\/span><\/h3>\n<p>[\/vc_column_text][vc_empty_space height=&#187;16px&#187;][vc_column_text css=&#187;&#187;]Wenn Sie sich f\u00fcr ein Produkt entschieden haben, welches individuell f\u00fcr Sie bedruckt werden soll, geht es weiter zur Druckvorbereitung.[\/vc_column_text][vc_empty_space height=&#187;16px&#187;][\/vc_column][\/vc_row][vc_row][vc_column width=&#187;1\/2&#8243;][vc_single_image image=&#187;16224&#8243; img_size=&#187;full&#187; css=&#187;&#187;][\/vc_column][vc_column width=&#187;1\/2&#8243;][vc_column_text css=&#187;&#187;]Gestalten Sie Ihre Verpackung schlicht, indem Sie Ihr Logo darauf platzieren oder bedrucken Sie diese vollfl\u00e4chig in Ihren Hausfarben und Ihrem Design \u2013 Ihrer Kreativit\u00e4t sind dabei (fast) keine Grenzen gesetzt. Welche unterschiedlichen Druckverfahren zum Einsatz kommen, lesen Sie in unserem Ratgeber <a href=\"https:\/\/www.rausch-packaging.com\/blog\/ch_de\/materialkunde\/individuelle-verpackungen-druckverfahren-im-ueberblick-rausch-blog\/\">\u00abDruckverfahren im \u00dcberblick\u00bb<\/a>. Die Druckvorbereitung ist von der Druckerei und dem Produkt abh\u00e4ngig, das Sie produzieren lassen. Je nachdem ob Sie einen Papierfaltenbeutel, Becher oder eine Tragetasche bedrucken lassen, \u00e4ndern sich die Anforderungen an Ihre Druckdatei.[\/vc_column_text][\/vc_column][\/vc_row][vc_row][vc_column][vc_column_text css=&#187;&#187;]Wichtig dabei ist, dass Sie sich genau \u00fcber die Vorgaben zum Dateiformat, Farbmodell oder der Platzierung von Logo und Motiven informieren. Wir beraten Sie dabei, unterst\u00fctzen Sie bei der Designerstellung und begleiten den gesamten Produktionsprozess.[\/vc_column_text][\/vc_column][\/vc_row][vc_row el_class=&#187;wrapper-infobox&#187; css=&#187;.vc_custom_1582549756793{padding-top: 40px !important;padding-bottom: 40px !important;}&#187;][vc_column][vc_row_inner][vc_column_inner el_class=&#187;infobox-image&#187;][vc_single_image image=&#187;3685&#8243; el_class=&#187;infobox-badge&#187;][vc_cta h2=&#187;&#187; shape=&#187;square&#187; css=&#187;.vc_custom_1724828202354{padding-top: 30px !important;padding-right: 30px !important;padding-bottom: 30px !important;padding-left: 100px !important;background-color: #eaeaea !important;}&#187; el_class=&#187;infobox-text&#187;]Eine<img decoding=\"async\" class=\" wp-image-16255 alignright\" src=\"https:\/\/www.rausch-packaging.com\/blog\/wp-content\/uploads\/2024\/08\/rausch-individuelle-verpackung-ro-64px.png\" alt=\"\" width=\"77\" height=\"77\" srcset=\"https:\/\/www.rausch-packaging.com\/blog\/wp-content\/uploads\/2024\/08\/rausch-individuelle-verpackung-ro-64px.png 267w, https:\/\/www.rausch-packaging.com\/blog\/wp-content\/uploads\/2024\/08\/rausch-individuelle-verpackung-ro-64px-150x150.png 150w\" sizes=\"(max-width: 77px) 100vw, 77px\" \/> Vielzahl unserer Standardartikel aus dem Web-Shop lassen sich auf Anfrage individualisieren. Ob sich ein Standardartikel individualisieren l\u00e4sst, erkennen Sie auf der jeweiligen Produktseite an unserem Pinsel-Symbol.[\/vc_cta][\/vc_column_inner][\/vc_row_inner][\/vc_column][\/vc_row][vc_row][vc_column][vc_column_text css=&#187;&#187;]Wir informieren Sie anhand eines Beispiels dar\u00fcber, welche Punkte Sie bei der Vorbereitung f\u00fcr den Druck beachten m\u00fcssen. In unserem Beispiel haben wir Kaffeebecher aus Pappe f\u00fcr die individuelle Bedruckung gew\u00e4hlt.[\/vc_column_text][vc_empty_space][\/vc_column][\/vc_row][vc_row][vc_column]            <div style=\"position: relative;\">\n                <div id=\"materialauswahl\" style=\"position: absolute; top: -220px\"><\/div>\n            <\/div>\n[vc_column_text css=&#187;&#187;]<\/p>\n<h4><span lang=\"DE\">Materialauswahl<\/span><\/h4>\n<p>[\/vc_column_text][vc_empty_space height=&#187;16px&#187;][\/vc_column][\/vc_row][vc_row][vc_column width=&#187;1\/2&#8243;][vc_column_text css=&#187;&#187;]In unserem Sortiment finden Sie viele unterschiedliche Lebensmittelverpackungen, die je nach Material f\u00fcr den direkten Kontakt mit Lebensmitteln geeignet sind. F\u00fcr Kaffeebecher eignen sich Becher aus Hartkarton mit einer PE- oder PLA-Beschichtung im Innern. Achten Sie bei der Auswahl auch auf die Nachhaltigkeit, indem Sie Verpackungen aus umweltfreundlichen Materialien wie recyceltes Papier oder biologisch abbaubare Kunststoffe aussuchen. Der Biokunststoff PLA gilt beispielsweise als nachhaltiges Verpackungsmaterial, da er aus nachwachsenden Rohstoffen gefertigt wird und damit eine M\u00f6glichkeit bietet, fossile, nicht erneuerbare Rohstoffe zu schonen. Die Grundlage f\u00fcr den Biokunststoff ist dabei Mais.[\/vc_column_text][\/vc_column][vc_column width=&#187;1\/2&#8243;][vc_single_image image=&#187;16227&#8243; img_size=&#187;full&#187; css=&#187;&#187;][\/vc_column][\/vc_row][vc_row][vc_column][vc_empty_space]            <div style=\"position: relative;\">\n                <div id=\"design-tipps\" style=\"position: absolute; top: -220px\"><\/div>\n            <\/div>\n[vc_column_text css=&#187;&#187;]<\/p>\n<h4><span lang=\"DE\">Design-Tipps<\/span><\/h4>\n<p>[\/vc_column_text][vc_empty_space height=&#187;16px&#187;][\/vc_column][\/vc_row][vc_row][vc_column width=&#187;1\/2&#8243;][vc_single_image image=&#187;16232&#8243; img_size=&#187;full&#187; css=&#187;&#187;][\/vc_column][vc_column width=&#187;1\/2&#8243;][vc_column_text css=&#187;&#187;]Verwenden Sie Farben, Logos und Schriftarten, die zu Ihrem Markenauftritt beziehungsweise Corporate Design (CD) passen. Dabei bringt jede Farbe Assoziationen mit sich, die meist kulturell gepr\u00e4gt sind. So steht die Farbe Weiss im deutschsprachigen Raum oftmals f\u00fcr Reinheit, wohingegen sie in Asien mit Trauer und Tod in Verbindung gebracht wird. Achten Sie auch auf gut lesbare Schriftgr\u00f6ssen und kontrastreiche Farbe. Um die Aufmerksamkeit auf sich zu ziehen und die Produkteigenschaften hervorzuheben, nutzen Sie entsprechende Grafiken oder Bilder.[\/vc_column_text][\/vc_column][\/vc_row][vc_row][vc_column][vc_empty_space]            <div style=\"position: relative;\">\n                <div id=\"sonderfarben\" style=\"position: absolute; top: -220px\"><\/div>\n            <\/div>\n[vc_column_text css=&#187;&#187;]<\/p>\n<h4><span lang=\"DE\">Sonderfarben zuweisen<\/span><\/h4>\n<p>[\/vc_column_text][vc_empty_space height=&#187;16px&#187;][\/vc_column][\/vc_row][vc_row][vc_column width=&#187;1\/2&#8243;][vc_column_text css=&#187;&#187;]Schon ab 5.000 St\u00fcck k\u00f6nnen Sie bei uns Trinkbecher oder Kaffeebecher individuell mit Logos, Designs und Slogans bedrucken. Je nach Becher ist ein Eigendruck in bis zu 4 Farben m\u00f6glich. F\u00fcr die Kaffeebecher von RAUSCH m\u00fcssen die Farben in Pantone U (U f\u00fcr Uncoated = ungestrichenes Papier) gesetzt werden. Ihre ausgew\u00e4hlten Farben im CMYK-Farbmodell m\u00fcssen nun in Sonderfarben konvertiert werden.<\/p>\n<p>W\u00e4hlen Sie einen Ton aus, der Ihrer Vorlage am n\u00e4chsten kommt. F\u00e4rben Sie alle Elemente in den ausgew\u00e4hlten Pantone U-Farben ein. Wichtig: Setzen Sie diese Farbfelder auf Option <strong>Vollton<\/strong>.[\/vc_column_text][\/vc_column][vc_column width=&#187;1\/2&#8243;][vc_single_image image=&#187;16235&#8243; img_size=&#187;full&#187; css=&#187;&#187;][\/vc_column][\/vc_row][vc_row][vc_column][vc_empty_space]            <div style=\"position: relative;\">\n                <div id=\"elemente\" style=\"position: absolute; top: -220px\"><\/div>\n            <\/div>\n[vc_column_text css=&#187;&#187;]<\/p>\n<h4><span lang=\"DE\">Elemente platzieren &amp; Logo verkr\u00fcmmen<\/span><\/h4>\n<p>[\/vc_column_text][vc_empty_space height=&#187;16px&#187;][\/vc_column][\/vc_row][vc_row][vc_column width=&#187;1\/2&#8243;][vc_single_image image=&#187;16238&#8243; img_size=&#187;full&#187; css=&#187;&#187;][\/vc_column][vc_column width=&#187;1\/2&#8243;][vc_column_text css=&#187;&#187;]Platzieren Sie die Druckstanze und sperren Sie die Druckstanze in einer Ebene unter dem Logo. Platzieren Sie anschliessend das Logo auf der Stanze so, wie es sp\u00e4ter gedruckt werden soll. Und zu guter Letzt: Skalieren Sie es in die gew\u00fcnschte Gr\u00f6sse.<\/p>\n<p>Da der Becher eine Zylinderform hat, muss das Logo verkr\u00fcmmt werden. Markieren Sie daf\u00fcr alle Elemente des Logos. Gruppieren Sie dieses anschliessend, damit das Logo perspektivisch verzerrt wird.[\/vc_column_text][\/vc_column][\/vc_row][vc_row el_class=&#187;wrapper-infobox&#187; css=&#187;.vc_custom_1582549756793{padding-top: 40px !important;padding-bottom: 40px !important;}&#187;][vc_column][vc_row_inner][vc_column_inner el_class=&#187;infobox-image&#187;][vc_single_image image=&#187;3685&#8243; el_class=&#187;infobox-badge&#187;][vc_cta h2=&#187;&#187; shape=&#187;square&#187; css=&#187;.vc_custom_1724828836730{padding-top: 30px !important;padding-right: 30px !important;padding-bottom: 30px !important;padding-left: 100px !important;background-color: #eaeaea !important;}&#187; el_class=&#187;infobox-text&#187;]Die Druckfarbe darf nicht in Ber\u00fchrung mit Lebensmitteln kommen. Dies gilt es bei der Platzierung der Elemente zu beachten.[\/vc_cta][\/vc_column_inner][\/vc_row_inner][\/vc_column][\/vc_row][vc_row][vc_column]            <div style=\"position: relative;\">\n                <div id=\"exportdatei\" style=\"position: absolute; top: -220px\"><\/div>\n            <\/div>\n[vc_column_text css=&#187;&#187;]<\/p>\n<h4><span lang=\"DE\">Export-Datei richtig speichern<\/span><\/h4>\n<p>[\/vc_column_text][vc_empty_space height=&#187;16px&#187;][\/vc_column][\/vc_row][vc_row][vc_column][vc_column_text css=&#187;&#187;]Bevor Sie die Datei abspeichern, blenden Sie erstmal alle Ebenen aus, die Sie nicht ben\u00f6tigen. Die Datei kann auf zwei verschiedene Varianten abgespeichert werden. Entweder als EPS- oder als PDF-Datei. Nehmen Sie dabei folgende Einstellungen vor: Unter Adobe PDF-Vorgabe: PDF\/X-3:2002 ausw\u00e4hlen und idealerweise bei Kompatibilit\u00e4t Adobe 6. Zus\u00e4tzlich ein H\u00e4kchen bei \u00abAus oberen Ebenen Acrobat-Ebenen erstellen\u00bb setzen, damit erleichtern Sie die sp\u00e4tere Verarbeitung. Damit die Datei die Sonderfarben beibeh\u00e4lt, muss die Einstellung <strong>\u00abKeine Umwandlung\u00bb<\/strong> ausgew\u00e4hlt werden. Zu guter Letzt speichern Sie Ihr Ergebnis ab.[\/vc_column_text][vc_empty_space][vc_column_text css=&#187;&#187;]In unserem Web-Shop gelangen Sie zu verschiedenen Lebensmittelverpackungen, die Sie bei uns bedrucken und individualisieren k\u00f6nnen. Gemeinsam finden wir die ideale, individuelle Verpackung f\u00fcr Sie![\/vc_column_text][vc_empty_space height=&#187;16px&#187;]<style type=\"text\/css\" data-type=\"the7_shortcodes-inline-css\">#default-btn-bbe621f8acfd5914eaaf58b8b6c789fb.ico-right-side > i {\n  margin-right: 0px;\n  margin-left: 8px;\n}\n#default-btn-bbe621f8acfd5914eaaf58b8b6c789fb > i {\n  margin-right: 8px;\n}<\/style><a href=\"https:\/\/www.rausch-packaging.com\/ch\/individuelle-verpackungen\/lebensmittelverpackungen-mit-werbedruck\" class=\"default-btn-shortcode dt-btn dt-btn-s link-hover-off btn-inline-left \" id=\"default-btn-bbe621f8acfd5914eaaf58b8b6c789fb\"><span>Zu Lebensmittelverpackungen mit Werbedruck<\/span><\/a>[vc_empty_space][vc_column_text css=&#187;&#187;]Unsere RAUSCH-Verpackungsspezialisten unterst\u00fctzen Sie bei der Druckvorbereitung und informieren Sie gerne im Detail, welche Anforderungen Ihre Druckdateien erf\u00fcllen m\u00fcssen. \u00a0Zudem werden alle Ihre Daten von unseren Fachberatern auf deren Machbarkeit gepr\u00fcft. Bevor es in den Druck geht, erhalten Sie zur Kontrolle ein Freigabemuster bzw. einen Korrekturabzug.[\/vc_column_text][vc_empty_space height=&#187;16px&#187;]<style type=\"text\/css\" data-type=\"the7_shortcodes-inline-css\">#default-btn-569037093c18c1e197493f756727ffcd.ico-right-side > i {\n  margin-right: 0px;\n  margin-left: 8px;\n}\n#default-btn-569037093c18c1e197493f756727ffcd > i {\n  margin-right: 8px;\n}<\/style><a href=\"https:\/\/www.rausch-packaging.com\/blog\/ch_de\/kontakt\/\" class=\"default-btn-shortcode dt-btn dt-btn-s link-hover-off btn-inline-left \" id=\"default-btn-569037093c18c1e197493f756727ffcd\" title=\"Kontakt\"><span>Kontaktieren Sie uns!<\/span><\/a>[\/vc_column][\/vc_row]<\/p>\n<\/div>","protected":false},"excerpt":{"rendered":"<p>Die M\u00f6glichkeiten, Ihre gew\u00fcnschte Lebensmittelverpackung zu individualisieren, sind vielf\u00e4ltig. Ob Becher aus Pappe oder Kunststoff, T\u00fcten, Taschen, Servietten, Pizzakartons und Co.: Bedruckt mit Ihrem Logo oder in Ihrem Design unterstreichen Sie die Qualit\u00e4t Ihrer Produkte.<\/p>\n","protected":false},"author":18,"featured_media":16217,"comment_status":"open","ping_status":"open","sticky":false,"template":"","format":"standard","meta":{"footnotes":""},"categories":[45],"tags":[],"m2-product-id":[],"table_tags":[],"class_list":["post-16274","post","type-post","status-publish","format-standard","has-post-thumbnail","hentry","category-verpackungswissen","category-45","description-off"],"yoast_head":"<!-- This site is optimized with the Yoast SEO plugin v26.2 - https:\/\/yoast.com\/wordpress\/plugins\/seo\/ -->\n<title>Verpackungen individuell gestalten \u2013 5 Tipps zur professionellen Vorbereitung Ihres kreativen Prozesses - RAUSCH-Blog<\/title>\n<meta name=\"robots\" content=\"index, follow, max-snippet:-1, max-image-preview:large, max-video-preview:-1\" \/>\n<link rel=\"canonical\" href=\"https:\/\/www.rausch-packaging.com\/blog\/ch_de\/verpackungswissen\/verpackungen-gestalten\/\" \/>\n<meta property=\"og:locale\" content=\"de_DE\" \/>\n<meta property=\"og:type\" content=\"article\" \/>\n<meta property=\"og:title\" content=\"Verpackungen individuell gestalten \u2013 5 Tipps zur professionellen Vorbereitung Ihres kreativen Prozesses - RAUSCH-Blog\" \/>\n<meta property=\"og:description\" content=\"Die M\u00f6glichkeiten, Ihre gew\u00fcnschte Lebensmittelverpackung zu individualisieren, sind vielf\u00e4ltig. Ob Becher aus Pappe oder Kunststoff, T\u00fcten, Taschen, Servietten, Pizzakartons und Co.: Bedruckt mit Ihrem Logo oder in Ihrem Design unterstreichen Sie die Qualit\u00e4t Ihrer Produkte.\" \/>\n<meta property=\"og:url\" content=\"https:\/\/www.rausch-packaging.com\/blog\/ch_de\/verpackungswissen\/verpackungen-gestalten\/\" \/>\n<meta property=\"og:site_name\" content=\"RAUSCH-Blog\" \/>\n<meta property=\"article:published_time\" content=\"2024-08-28T11:17:19+00:00\" \/>\n<meta property=\"article:modified_time\" content=\"2024-08-28T11:22:06+00:00\" \/>\n<meta property=\"og:image\" content=\"https:\/\/www.rausch-packaging.com\/blog\/wp-content\/uploads\/2024\/08\/HB_Verpackungen_individuell_gestalten.jpg\" \/>\n\t<meta property=\"og:image:width\" content=\"840\" \/>\n\t<meta property=\"og:image:height\" content=\"559\" \/>\n\t<meta property=\"og:image:type\" content=\"image\/jpeg\" \/>\n<meta name=\"author\" content=\"l.schianchi\" \/>\n<meta name=\"twitter:card\" content=\"summary_large_image\" \/>\n<meta name=\"twitter:label1\" content=\"Geschrieben von\" \/>\n\t<meta name=\"twitter:data1\" content=\"l.schianchi\" \/>\n\t<meta name=\"twitter:label2\" content=\"Gesch\u00e4tzte Lesezeit\" \/>\n\t<meta name=\"twitter:data2\" content=\"6\u00a0Minuten\" \/>\n<script type=\"application\/ld+json\" class=\"yoast-schema-graph\">{\"@context\":\"https:\/\/schema.org\",\"@graph\":[{\"@type\":\"Article\",\"@id\":\"https:\/\/www.rausch-packaging.com\/blog\/ch_de\/verpackungswissen\/verpackungen-gestalten\/#article\",\"isPartOf\":{\"@id\":\"https:\/\/www.rausch-packaging.com\/blog\/ch_de\/verpackungswissen\/verpackungen-gestalten\/\"},\"author\":{\"name\":\"l.schianchi\",\"@id\":\"https:\/\/www.rausch-packaging.com\/blog\/ch_de\/#\/schema\/person\/2f1467b1771e6bddec282c8202fbd04b\"},\"headline\":\"Verpackungen individuell gestalten \u2013 5 Tipps zur professionellen Vorbereitung Ihres kreativen Prozesses\",\"datePublished\":\"2024-08-28T11:17:19+00:00\",\"dateModified\":\"2024-08-28T11:22:06+00:00\",\"mainEntityOfPage\":{\"@id\":\"https:\/\/www.rausch-packaging.com\/blog\/ch_de\/verpackungswissen\/verpackungen-gestalten\/\"},\"wordCount\":1609,\"commentCount\":0,\"publisher\":{\"@id\":\"https:\/\/www.rausch-packaging.com\/blog\/ch_de\/#organization\"},\"image\":{\"@id\":\"https:\/\/www.rausch-packaging.com\/blog\/ch_de\/verpackungswissen\/verpackungen-gestalten\/#primaryimage\"},\"thumbnailUrl\":\"https:\/\/www.rausch-packaging.com\/blog\/wp-content\/uploads\/2024\/08\/HB_Verpackungen_individuell_gestalten.jpg\",\"articleSection\":[\"Verpackungswissen\"],\"inLanguage\":\"de-CH\",\"potentialAction\":[{\"@type\":\"CommentAction\",\"name\":\"Comment\",\"target\":[\"https:\/\/www.rausch-packaging.com\/blog\/ch_de\/verpackungswissen\/verpackungen-gestalten\/#respond\"]}]},{\"@type\":\"WebPage\",\"@id\":\"https:\/\/www.rausch-packaging.com\/blog\/ch_de\/verpackungswissen\/verpackungen-gestalten\/\",\"url\":\"https:\/\/www.rausch-packaging.com\/blog\/ch_de\/verpackungswissen\/verpackungen-gestalten\/\",\"name\":\"Verpackungen individuell gestalten \u2013 5 Tipps zur professionellen Vorbereitung Ihres kreativen Prozesses - RAUSCH-Blog\",\"isPartOf\":{\"@id\":\"https:\/\/www.rausch-packaging.com\/blog\/ch_de\/#website\"},\"primaryImageOfPage\":{\"@id\":\"https:\/\/www.rausch-packaging.com\/blog\/ch_de\/verpackungswissen\/verpackungen-gestalten\/#primaryimage\"},\"image\":{\"@id\":\"https:\/\/www.rausch-packaging.com\/blog\/ch_de\/verpackungswissen\/verpackungen-gestalten\/#primaryimage\"},\"thumbnailUrl\":\"https:\/\/www.rausch-packaging.com\/blog\/wp-content\/uploads\/2024\/08\/HB_Verpackungen_individuell_gestalten.jpg\",\"datePublished\":\"2024-08-28T11:17:19+00:00\",\"dateModified\":\"2024-08-28T11:22:06+00:00\",\"breadcrumb\":{\"@id\":\"https:\/\/www.rausch-packaging.com\/blog\/ch_de\/verpackungswissen\/verpackungen-gestalten\/#breadcrumb\"},\"inLanguage\":\"de-CH\",\"potentialAction\":[{\"@type\":\"ReadAction\",\"target\":[\"https:\/\/www.rausch-packaging.com\/blog\/ch_de\/verpackungswissen\/verpackungen-gestalten\/\"]}]},{\"@type\":\"ImageObject\",\"inLanguage\":\"de-CH\",\"@id\":\"https:\/\/www.rausch-packaging.com\/blog\/ch_de\/verpackungswissen\/verpackungen-gestalten\/#primaryimage\",\"url\":\"https:\/\/www.rausch-packaging.com\/blog\/wp-content\/uploads\/2024\/08\/HB_Verpackungen_individuell_gestalten.jpg\",\"contentUrl\":\"https:\/\/www.rausch-packaging.com\/blog\/wp-content\/uploads\/2024\/08\/HB_Verpackungen_individuell_gestalten.jpg\",\"width\":840,\"height\":559,\"caption\":\"HB_Verpackungen_individuell_gestalten\"},{\"@type\":\"BreadcrumbList\",\"@id\":\"https:\/\/www.rausch-packaging.com\/blog\/ch_de\/verpackungswissen\/verpackungen-gestalten\/#breadcrumb\",\"itemListElement\":[{\"@type\":\"ListItem\",\"position\":1,\"name\":\"Startseite\",\"item\":\"https:\/\/www.rausch-packaging.com\/blog\/ch_de\/\"},{\"@type\":\"ListItem\",\"position\":2,\"name\":\"Verpackungen individuell gestalten \u2013 5 Tipps zur professionellen Vorbereitung Ihres kreativen Prozesses\"}]},{\"@type\":\"WebSite\",\"@id\":\"https:\/\/www.rausch-packaging.com\/blog\/ch_de\/#website\",\"url\":\"https:\/\/www.rausch-packaging.com\/blog\/ch_de\/\",\"name\":\"RAUSCH-Blog\",\"description\":\"\",\"publisher\":{\"@id\":\"https:\/\/www.rausch-packaging.com\/blog\/ch_de\/#organization\"},\"potentialAction\":[{\"@type\":\"SearchAction\",\"target\":{\"@type\":\"EntryPoint\",\"urlTemplate\":\"https:\/\/www.rausch-packaging.com\/blog\/ch_de\/?s={search_term_string}\"},\"query-input\":{\"@type\":\"PropertyValueSpecification\",\"valueRequired\":true,\"valueName\":\"search_term_string\"}}],\"inLanguage\":\"de-CH\"},{\"@type\":\"Organization\",\"@id\":\"https:\/\/www.rausch-packaging.com\/blog\/ch_de\/#organization\",\"name\":\"Rausch Verpackung\",\"url\":\"https:\/\/www.rausch-packaging.com\/blog\/ch_de\/\",\"logo\":{\"@type\":\"ImageObject\",\"inLanguage\":\"de-CH\",\"@id\":\"https:\/\/www.rausch-packaging.com\/blog\/ch_de\/#\/schema\/logo\/image\/\",\"url\":\"https:\/\/www.rausch-packaging.com\/blog\/wp-content\/uploads\/2022\/04\/rausch-logo.svg\",\"contentUrl\":\"https:\/\/www.rausch-packaging.com\/blog\/wp-content\/uploads\/2022\/04\/rausch-logo.svg\",\"width\":1,\"height\":1,\"caption\":\"Rausch Verpackung\"},\"image\":{\"@id\":\"https:\/\/www.rausch-packaging.com\/blog\/ch_de\/#\/schema\/logo\/image\/\"}},{\"@type\":\"Person\",\"@id\":\"https:\/\/www.rausch-packaging.com\/blog\/ch_de\/#\/schema\/person\/2f1467b1771e6bddec282c8202fbd04b\",\"name\":\"l.schianchi\",\"image\":{\"@type\":\"ImageObject\",\"inLanguage\":\"de-CH\",\"@id\":\"https:\/\/www.rausch-packaging.com\/blog\/ch_de\/#\/schema\/person\/image\/\",\"url\":\"https:\/\/secure.gravatar.com\/avatar\/58dcdbc022b8816eb589b73985a24ee7eb3e22891a0bac691a8d615cfd873bda?s=96&d=mm&r=g\",\"contentUrl\":\"https:\/\/secure.gravatar.com\/avatar\/58dcdbc022b8816eb589b73985a24ee7eb3e22891a0bac691a8d615cfd873bda?s=96&d=mm&r=g\",\"caption\":\"l.schianchi\"}}]}<\/script>\n<!-- \/ Yoast SEO plugin. -->","yoast_head_json":{"title":"Verpackungen individuell gestalten \u2013 5 Tipps zur professionellen Vorbereitung Ihres kreativen Prozesses - RAUSCH-Blog","robots":{"index":"index","follow":"follow","max-snippet":"max-snippet:-1","max-image-preview":"max-image-preview:large","max-video-preview":"max-video-preview:-1"},"canonical":"https:\/\/www.rausch-packaging.com\/blog\/ch_de\/verpackungswissen\/verpackungen-gestalten\/","og_locale":"de_DE","og_type":"article","og_title":"Verpackungen individuell gestalten \u2013 5 Tipps zur professionellen Vorbereitung Ihres kreativen Prozesses - RAUSCH-Blog","og_description":"Die M\u00f6glichkeiten, Ihre gew\u00fcnschte Lebensmittelverpackung zu individualisieren, sind vielf\u00e4ltig. Ob Becher aus Pappe oder Kunststoff, T\u00fcten, Taschen, Servietten, Pizzakartons und Co.: Bedruckt mit Ihrem Logo oder in Ihrem Design unterstreichen Sie die Qualit\u00e4t Ihrer Produkte.","og_url":"https:\/\/www.rausch-packaging.com\/blog\/ch_de\/verpackungswissen\/verpackungen-gestalten\/","og_site_name":"RAUSCH-Blog","article_published_time":"2024-08-28T11:17:19+00:00","article_modified_time":"2024-08-28T11:22:06+00:00","og_image":[{"width":840,"height":559,"url":"https:\/\/www.rausch-packaging.com\/blog\/wp-content\/uploads\/2024\/08\/HB_Verpackungen_individuell_gestalten.jpg","type":"image\/jpeg"}],"author":"l.schianchi","twitter_card":"summary_large_image","twitter_misc":{"Geschrieben von":"l.schianchi","Gesch\u00e4tzte Lesezeit":"6\u00a0Minuten"},"schema":{"@context":"https:\/\/schema.org","@graph":[{"@type":"Article","@id":"https:\/\/www.rausch-packaging.com\/blog\/ch_de\/verpackungswissen\/verpackungen-gestalten\/#article","isPartOf":{"@id":"https:\/\/www.rausch-packaging.com\/blog\/ch_de\/verpackungswissen\/verpackungen-gestalten\/"},"author":{"name":"l.schianchi","@id":"https:\/\/www.rausch-packaging.com\/blog\/ch_de\/#\/schema\/person\/2f1467b1771e6bddec282c8202fbd04b"},"headline":"Verpackungen individuell gestalten \u2013 5 Tipps zur professionellen Vorbereitung Ihres kreativen Prozesses","datePublished":"2024-08-28T11:17:19+00:00","dateModified":"2024-08-28T11:22:06+00:00","mainEntityOfPage":{"@id":"https:\/\/www.rausch-packaging.com\/blog\/ch_de\/verpackungswissen\/verpackungen-gestalten\/"},"wordCount":1609,"commentCount":0,"publisher":{"@id":"https:\/\/www.rausch-packaging.com\/blog\/ch_de\/#organization"},"image":{"@id":"https:\/\/www.rausch-packaging.com\/blog\/ch_de\/verpackungswissen\/verpackungen-gestalten\/#primaryimage"},"thumbnailUrl":"https:\/\/www.rausch-packaging.com\/blog\/wp-content\/uploads\/2024\/08\/HB_Verpackungen_individuell_gestalten.jpg","articleSection":["Verpackungswissen"],"inLanguage":"de-CH","potentialAction":[{"@type":"CommentAction","name":"Comment","target":["https:\/\/www.rausch-packaging.com\/blog\/ch_de\/verpackungswissen\/verpackungen-gestalten\/#respond"]}]},{"@type":"WebPage","@id":"https:\/\/www.rausch-packaging.com\/blog\/ch_de\/verpackungswissen\/verpackungen-gestalten\/","url":"https:\/\/www.rausch-packaging.com\/blog\/ch_de\/verpackungswissen\/verpackungen-gestalten\/","name":"Verpackungen individuell gestalten \u2013 5 Tipps zur professionellen Vorbereitung Ihres kreativen Prozesses - RAUSCH-Blog","isPartOf":{"@id":"https:\/\/www.rausch-packaging.com\/blog\/ch_de\/#website"},"primaryImageOfPage":{"@id":"https:\/\/www.rausch-packaging.com\/blog\/ch_de\/verpackungswissen\/verpackungen-gestalten\/#primaryimage"},"image":{"@id":"https:\/\/www.rausch-packaging.com\/blog\/ch_de\/verpackungswissen\/verpackungen-gestalten\/#primaryimage"},"thumbnailUrl":"https:\/\/www.rausch-packaging.com\/blog\/wp-content\/uploads\/2024\/08\/HB_Verpackungen_individuell_gestalten.jpg","datePublished":"2024-08-28T11:17:19+00:00","dateModified":"2024-08-28T11:22:06+00:00","breadcrumb":{"@id":"https:\/\/www.rausch-packaging.com\/blog\/ch_de\/verpackungswissen\/verpackungen-gestalten\/#breadcrumb"},"inLanguage":"de-CH","potentialAction":[{"@type":"ReadAction","target":["https:\/\/www.rausch-packaging.com\/blog\/ch_de\/verpackungswissen\/verpackungen-gestalten\/"]}]},{"@type":"ImageObject","inLanguage":"de-CH","@id":"https:\/\/www.rausch-packaging.com\/blog\/ch_de\/verpackungswissen\/verpackungen-gestalten\/#primaryimage","url":"https:\/\/www.rausch-packaging.com\/blog\/wp-content\/uploads\/2024\/08\/HB_Verpackungen_individuell_gestalten.jpg","contentUrl":"https:\/\/www.rausch-packaging.com\/blog\/wp-content\/uploads\/2024\/08\/HB_Verpackungen_individuell_gestalten.jpg","width":840,"height":559,"caption":"HB_Verpackungen_individuell_gestalten"},{"@type":"BreadcrumbList","@id":"https:\/\/www.rausch-packaging.com\/blog\/ch_de\/verpackungswissen\/verpackungen-gestalten\/#breadcrumb","itemListElement":[{"@type":"ListItem","position":1,"name":"Startseite","item":"https:\/\/www.rausch-packaging.com\/blog\/ch_de\/"},{"@type":"ListItem","position":2,"name":"Verpackungen individuell gestalten \u2013 5 Tipps zur professionellen Vorbereitung Ihres kreativen Prozesses"}]},{"@type":"WebSite","@id":"https:\/\/www.rausch-packaging.com\/blog\/ch_de\/#website","url":"https:\/\/www.rausch-packaging.com\/blog\/ch_de\/","name":"RAUSCH-Blog","description":"","publisher":{"@id":"https:\/\/www.rausch-packaging.com\/blog\/ch_de\/#organization"},"potentialAction":[{"@type":"SearchAction","target":{"@type":"EntryPoint","urlTemplate":"https:\/\/www.rausch-packaging.com\/blog\/ch_de\/?s={search_term_string}"},"query-input":{"@type":"PropertyValueSpecification","valueRequired":true,"valueName":"search_term_string"}}],"inLanguage":"de-CH"},{"@type":"Organization","@id":"https:\/\/www.rausch-packaging.com\/blog\/ch_de\/#organization","name":"Rausch Verpackung","url":"https:\/\/www.rausch-packaging.com\/blog\/ch_de\/","logo":{"@type":"ImageObject","inLanguage":"de-CH","@id":"https:\/\/www.rausch-packaging.com\/blog\/ch_de\/#\/schema\/logo\/image\/","url":"https:\/\/www.rausch-packaging.com\/blog\/wp-content\/uploads\/2022\/04\/rausch-logo.svg","contentUrl":"https:\/\/www.rausch-packaging.com\/blog\/wp-content\/uploads\/2022\/04\/rausch-logo.svg","width":1,"height":1,"caption":"Rausch Verpackung"},"image":{"@id":"https:\/\/www.rausch-packaging.com\/blog\/ch_de\/#\/schema\/logo\/image\/"}},{"@type":"Person","@id":"https:\/\/www.rausch-packaging.com\/blog\/ch_de\/#\/schema\/person\/2f1467b1771e6bddec282c8202fbd04b","name":"l.schianchi","image":{"@type":"ImageObject","inLanguage":"de-CH","@id":"https:\/\/www.rausch-packaging.com\/blog\/ch_de\/#\/schema\/person\/image\/","url":"https:\/\/secure.gravatar.com\/avatar\/58dcdbc022b8816eb589b73985a24ee7eb3e22891a0bac691a8d615cfd873bda?s=96&d=mm&r=g","contentUrl":"https:\/\/secure.gravatar.com\/avatar\/58dcdbc022b8816eb589b73985a24ee7eb3e22891a0bac691a8d615cfd873bda?s=96&d=mm&r=g","caption":"l.schianchi"}}]}},"magento_index":false,"_links":{"self":[{"href":"https:\/\/www.rausch-packaging.com\/blog\/ch_de\/wp-json\/wp\/v2\/posts\/16274","targetHints":{"allow":["GET"]}}],"collection":[{"href":"https:\/\/www.rausch-packaging.com\/blog\/ch_de\/wp-json\/wp\/v2\/posts"}],"about":[{"href":"https:\/\/www.rausch-packaging.com\/blog\/ch_de\/wp-json\/wp\/v2\/types\/post"}],"author":[{"embeddable":true,"href":"https:\/\/www.rausch-packaging.com\/blog\/ch_de\/wp-json\/wp\/v2\/users\/18"}],"replies":[{"embeddable":true,"href":"https:\/\/www.rausch-packaging.com\/blog\/ch_de\/wp-json\/wp\/v2\/comments?post=16274"}],"version-history":[{"count":4,"href":"https:\/\/www.rausch-packaging.com\/blog\/ch_de\/wp-json\/wp\/v2\/posts\/16274\/revisions"}],"predecessor-version":[{"id":16280,"href":"https:\/\/www.rausch-packaging.com\/blog\/ch_de\/wp-json\/wp\/v2\/posts\/16274\/revisions\/16280"}],"wp:featuredmedia":[{"embeddable":true,"href":"https:\/\/www.rausch-packaging.com\/blog\/ch_de\/wp-json\/wp\/v2\/media\/16217"}],"wp:attachment":[{"href":"https:\/\/www.rausch-packaging.com\/blog\/ch_de\/wp-json\/wp\/v2\/media?parent=16274"}],"wp:term":[{"taxonomy":"category","embeddable":true,"href":"https:\/\/www.rausch-packaging.com\/blog\/ch_de\/wp-json\/wp\/v2\/categories?post=16274"},{"taxonomy":"post_tag","embeddable":true,"href":"https:\/\/www.rausch-packaging.com\/blog\/ch_de\/wp-json\/wp\/v2\/tags?post=16274"},{"taxonomy":"m2-product-id","embeddable":true,"href":"https:\/\/www.rausch-packaging.com\/blog\/ch_de\/wp-json\/wp\/v2\/m2-product-id?post=16274"},{"taxonomy":"table_tags","embeddable":true,"href":"https:\/\/www.rausch-packaging.com\/blog\/ch_de\/wp-json\/wp\/v2\/table_tags?post=16274"}],"curies":[{"name":"wp","href":"https:\/\/api.w.org\/{rel}","templated":true}]}}