{"id":16179,"date":"2024-09-02T13:26:50","date_gmt":"2024-09-02T11:26:50","guid":{"rendered":"https:\/\/www.rausch-packaging.com\/blog\/?p=16179"},"modified":"2024-09-02T13:31:15","modified_gmt":"2024-09-02T11:31:15","slug":"spezialkatalog-2024-backen","status":"publish","type":"post","link":"https:\/\/www.rausch-packaging.com\/blog\/de\/kataloge\/spezialkatalog-2024-backen\/","title":{"rendered":"Spezialkatalog 2024 \u2013 Backen"},"content":{"rendered":"<div class=\"wpb-content-wrapper\"><p>[vc_row][vc_column][vc_custom_heading text=&#8220;Festliche Verpackungen f\u00fcr s\u00fc\u00dfe K\u00f6stlichkeiten&#8220; use_theme_fonts=&#8220;yes&#8220; css=&#8220;&#8220;][vc_column_text css=&#8220;.vc_custom_1724760398125{margin-bottom: 20px !important;border-bottom-width: 20px !important;padding-bottom: 20px !important;}&#8220;]<strong>Die Backstuben produzieren Kuchen, Torten, Pralinen und Pl\u00e4tzchen und sie alle bed\u00fcrfen geeigneter Verpackungen, um so fein, wie sie gebacken wurden, auch beim Kunden ankommen. Mit den dekorativen Verpackungen von RAUSCH k\u00f6nnen Sie Ihre Backwaren oder Pralinen zus\u00e4tzlich gekonnt in Szene setzen. Sehen Sie selbst eine Auswahl unseres Sortiments auf den folgenden Seiten.<\/strong>[\/vc_column_text][vc_wp_text]<\/p>\n<div style=\"position: relative; padding-top: max(60%,326px); height: 0; width: 100%;\"><iframe style=\"position: absolute; border: none; width: 100%; height: 100%; left: 0; right: 0; top: 0; bottom: 0;\" src=\"https:\/\/issuu.com\/medewo-rausch\/docs\/rausch_tm4_hm_blaetterkatalog_de?fr=xKAE9_zU1NQ\" sandbox=\"allow-top-navigation allow-top-navigation-by-user-activation allow-downloads allow-scripts allow-same-origin allow-popups allow-modals allow-popups-to-escape-sandbox allow-forms\" allowfullscreen=\"allowfullscreen\"><\/iframe><\/div>\n<p>[\/vc_wp_text][vc_column_text css=&#8220;&#8220;]Der dargestellte Katalog zum Bl\u00e4ttern zeigt unseren gedruckten Spezialkatalog (September 2024). Weitere <a href=\"https:\/\/www.rausch-packaging.com\/de\/neuheiten\" target=\"_blank\">Neuheiten<\/a> sowie aktuell g\u00fcltige Preise finden Sie in unserem <a href=\"https:\/\/www.rausch-packaging.com\/de\/\" target=\"_blank\">Webshop<\/a>.<\/p>\n<p>Download: Oben im Bl\u00e4tterkatalog finden Sie<strong> in der unteren rechten Ecke<\/strong> die Download-Funktion[\/vc_column_text][\/vc_column][\/vc_row][vc_row el_class=&#8220;wrapper-infobox&#8220; css=&#8220;.vc_custom_1582549756793{padding-top: 40px !important;padding-bottom: 40px !important;}&#8220;][vc_column width=&#8220;2\/5&#8243;][vc_single_image image=&#8220;9723&#8243; img_size=&#8220;medium&#8220;][\/vc_column][vc_column width=&#8220;3\/5&#8243;][vc_column_text]<strong>Entdecken Sie unseren Web-Shop mit einem Lagersortiment von mehr als 2.700 Lebensmittel- und Service-Verpackungen<\/strong><\/p>\n<ul>\n<li>Umfangreiches Lagersortiment \u2013 auch in kleinen Mengen<\/li>\n<li>Gro\u00dfe Auswahl an nachhaltigen und ressourcenschonenden Verpackungen<\/li>\n<li>Schnelle Lieferung in 24 Stunden<\/li>\n<li>Gratis-Muster \u2013 gepr\u00fcfte Qualit\u00e4t &amp; innovative Materialien<\/li>\n<li>Fachkundige Beratung \u2013 \u00fcber 40 Jahre Erfahrung<\/li>\n<\/ul>\n<p>[\/vc_column_text]<style type=\"text\/css\" data-type=\"the7_shortcodes-inline-css\">#default-btn-e277e7d08c15218982b5c0bf3b4025a2.ico-right-side > i {\n  margin-right: 0px;\n  margin-left: 8px;\n}\n#default-btn-e277e7d08c15218982b5c0bf3b4025a2 > i {\n  margin-right: 8px;\n}<\/style><a href=\"https:\/\/www.rausch-packaging.com\/de\/\" class=\"default-btn-shortcode dt-btn dt-btn-s link-hover-off dt-btn-s dt-btn post-details details-type-btn btn-inline-left  vc_custom_1647346765607\" target=\"_blank\" id=\"default-btn-e277e7d08c15218982b5c0bf3b4025a2\" title=\"zum RAUSCH Web-Shop\" rel=\"noopener\"><span>Jetzt RAUSCH Web-Shop entdecken<\/span><\/a>[\/vc_column][\/vc_row][vc_row el_class=&#8220;wrapper-infobox&#8220; css=&#8220;.vc_custom_1582549756793{padding-top: 40px !important;padding-bottom: 40px !important;}&#8220;][vc_column][vc_column_text css=&#8220;&#8220;]Geb\u00e4ck und anderes Backwerk ist besonders druckempfindlich und braucht deswegen auch eine entsprechend hochwertige Verpackung.\u00a0Lassen Sie sich inspirieren von unserem Themenshop <strong><a href=\"https:\/\/www.rausch-packaging.com\/de\/unsere-produkte\/feingebaeck-verpackungen\/\">\u00abFeingeb\u00e4ck-Verpackungen\u00bb<\/a><\/strong>[\/vc_column_text][\/vc_column][\/vc_row][vc_row el_class=&#8220;wrapper-infobox&#8220; css=&#8220;.vc_custom_1582549756793{padding-top: 40px !important;padding-bottom: 40px !important;}&#8220;][vc_column][vc_row_inner][vc_column_inner el_class=&#8220;infobox-image&#8220;][vc_single_image image=&#8220;1021&#8243; el_class=&#8220;infobox-badge&#8220;][vc_cta h2=&#8220;&#8220; shape=&#8220;square&#8220; css=&#8220;.vc_custom_1697460633333{padding-top: 30px !important;padding-right: 30px !important;padding-bottom: 30px !important;padding-left: 100px !important;background-color: #eaeaea !important;}&#8220; el_class=&#8220;infobox-text&#8220;]<strong>Sie w\u00fcnschen sich eine fachkundige Beratung?<\/strong><\/p>\n<p>Seit \u00fcber 40 Jahren beraten wir Gastronomen, Kantinen, B\u00e4cker, Caterer und viele andere Branchen rund um das Thema Lebensmittelverpackungen.<\/p>\n<p>Gemeinsam finden wir die ideale Verpackung f\u00fcr Sie!<\/p>\n<p style=\"text-align: left;\"><a href=\"https:\/\/www.rausch-packaging.com\/blog\/de\/kontakt\/\">Jetzt Beratung anfordern!<\/a><\/p>\n<p>oder rufen Sie uns an unter <a href=\"tel:+498217960360\">0821 79 603 60<\/a>[\/vc_cta][vc_empty_space height=&#8220;75px&#8220;][\/vc_column_inner][\/vc_row_inner][vc_separator][\/vc_column][\/vc_row][vc_row css=&#8220;.vc_custom_1697460302121{margin-top: 20px !important;border-top-width: 20px !important;padding-top: 20px !important;}&#8220;][vc_column width=&#8220;1\/2&#8243;][vc_empty_space height=&#8220;20px&#8220;][vc_empty_space height=&#8220;20px&#8220;][vc_single_image image=&#8220;13202&#8243; img_size=&#8220;full&#8220; css=&#8220;&#8220;][\/vc_column][vc_column width=&#8220;1\/2&#8243;][vc_column_text css=&#8220;.vc_custom_1724760700099{margin-bottom: 10px !important;border-bottom-width: 10px !important;padding-bottom: 10px !important;}&#8220;]<\/p>\n<h3 class=\"entry-title\">Weihnachtsgeb\u00e4ck \u2013 von ihrer Geschichte zur passenden Verpackung<\/h3>\n<p>[\/vc_column_text][vc_column_text css=&#8220;&#8220;]<\/p>\n<p class=\"vc_custom_heading\">Die s\u00fc\u00dfen K\u00f6stlichkeiten wie Makronen, Kipferl, Lebkuchen oder Stollen geh\u00f6ren ebenso zu Weihnachten wie Geschenke oder der Weihnachtsbaum. Wie diese Br\u00e4uche haben auch sie eigene Traditionen, die sich nicht nur von Land zu Land, sondern auch regional unterscheiden. Wir geben Ihnen Verpackungstipps f\u00fcr Ihr Weihnachtsgeb\u00e4ck.<\/p>\n<p>[\/vc_column_text][vc_empty_space]<style type=\"text\/css\" data-type=\"the7_shortcodes-inline-css\">#default-btn-754dc82f68dda687867b7c17115a916e.ico-right-side > i {\n  margin-right: 0px;\n  margin-left: 8px;\n}\n#default-btn-754dc82f68dda687867b7c17115a916e > i {\n  margin-right: 8px;\n}<\/style><a href=\"https:\/\/www.rausch-packaging.com\/blog\/de\/nachhaltigkeit\/kommunikation-nachhaltige-verpackung\/\" class=\"default-btn-shortcode dt-btn dt-btn-s link-hover-off btn-inline-left \" id=\"default-btn-754dc82f68dda687867b7c17115a916e\" title=\"Zum Blogbeitrag\"><span>Zum Blogbeitrag<\/span><\/a>[\/vc_column][\/vc_row][vc_row el_class=&#8220;wrapper-infobox&#8220; css=&#8220;.vc_custom_1648043018226{padding-top: 40px !important;padding-bottom: 40px !important;}&#8220;][vc_column][vc_row_inner][vc_column_inner][vc_custom_heading text=&#8220;Hier finden Sie ausgew\u00e4hlte Neuheiten&#8220; font_container=&#8220;tag:h3|text_align:left&#8220; use_theme_fonts=&#8220;yes&#8220;][vc_column_text css=&#8220;&#8220;]SHORTCODE in REST Request entfernt[\/vc_column_text]<style type=\"text\/css\" data-type=\"the7_shortcodes-inline-css\">#default-btn-4039945a09b404dcc37686e8fbc9d75b.ico-right-side > i {\n  margin-right: 0px;\n  margin-left: 8px;\n}\n#default-btn-4039945a09b404dcc37686e8fbc9d75b > i {\n  margin-right: 8px;\n}<\/style><a href=\"https:\/\/www.rausch-packaging.com\/de\/\" class=\"default-btn-shortcode dt-btn dt-btn-s link-hover-off dt-btn-s dt-btn post-details details-type-btn btn-inline-left  vc_custom_1646382145049\" target=\"_blank\" id=\"default-btn-4039945a09b404dcc37686e8fbc9d75b\" title=\"zum RAUSCH Web-Shop\" rel=\"noopener\"><span>Web-Shop entdecken<\/span><\/a>[\/vc_column_inner][\/vc_row_inner][\/vc_column][\/vc_row]<\/p>\n<\/div>","protected":false},"excerpt":{"rendered":"<p>Kuchen, Torten, Pralinen und Pl\u00e4tzchen bed\u00fcrfen geeigneter Verpackungen, um so fein, wie sie gebacken wurden, auch beim Kunden ankommen. Mit den dekorativen Verpackungen von RAUSCH k\u00f6nnen Sie Ihre Backwaren oder Pralinen zus\u00e4tzlich gekonnt in Szene setzen. Sehen Sie selbst eine Auswahl unseres Sortiments auf den folgenden Seiten.<\/p>\n","protected":false},"author":23,"featured_media":16186,"comment_status":"open","ping_status":"open","sticky":false,"template":"","format":"standard","meta":{"footnotes":""},"categories":[266],"tags":[],"m2-product-id":[],"table_tags":[],"class_list":["post-16179","post","type-post","status-publish","format-standard","has-post-thumbnail","hentry","category-kataloge","category-266","description-off"],"yoast_head":"<!-- This site is optimized with the Yoast SEO plugin v26.4 - https:\/\/yoast.com\/wordpress\/plugins\/seo\/ -->\n<title>Spezialkatalog 2024 \u2013 Backen - RAUSCH-Blog<\/title>\n<meta name=\"robots\" content=\"index, follow, max-snippet:-1, max-image-preview:large, max-video-preview:-1\" \/>\n<link rel=\"canonical\" href=\"https:\/\/www.rausch-packaging.com\/blog\/de\/kataloge\/spezialkatalog-2024-backen\/\" \/>\n<meta property=\"og:locale\" content=\"de_DE\" \/>\n<meta property=\"og:type\" content=\"article\" \/>\n<meta property=\"og:title\" content=\"Spezialkatalog 2024 \u2013 Backen - RAUSCH-Blog\" \/>\n<meta property=\"og:description\" content=\"Kuchen, Torten, Pralinen und Pl\u00e4tzchen bed\u00fcrfen geeigneter Verpackungen, um so fein, wie sie gebacken wurden, auch beim Kunden ankommen. Mit den dekorativen Verpackungen von RAUSCH k\u00f6nnen Sie Ihre Backwaren oder Pralinen zus\u00e4tzlich gekonnt in Szene setzen. Sehen Sie selbst eine Auswahl unseres Sortiments auf den folgenden Seiten.\" \/>\n<meta property=\"og:url\" content=\"https:\/\/www.rausch-packaging.com\/blog\/de\/kataloge\/spezialkatalog-2024-backen\/\" \/>\n<meta property=\"og:site_name\" content=\"RAUSCH-Blog\" \/>\n<meta property=\"article:published_time\" content=\"2024-09-02T11:26:50+00:00\" \/>\n<meta property=\"article:modified_time\" content=\"2024-09-02T11:31:15+00:00\" \/>\n<meta property=\"og:image\" content=\"https:\/\/www.rausch-packaging.com\/blog\/wp-content\/uploads\/2024\/08\/Backen-Beitragsbild-1.png\" \/>\n\t<meta property=\"og:image:width\" content=\"840\" \/>\n\t<meta property=\"og:image:height\" content=\"559\" \/>\n\t<meta property=\"og:image:type\" content=\"image\/png\" \/>\n<meta name=\"author\" content=\"Ines Reiter\" \/>\n<meta name=\"twitter:card\" content=\"summary_large_image\" \/>\n<meta name=\"twitter:label1\" content=\"Verfasst von\" \/>\n\t<meta name=\"twitter:data1\" content=\"Ines Reiter\" \/>\n\t<meta name=\"twitter:label2\" content=\"Gesch\u00e4tzte Lesezeit\" \/>\n\t<meta name=\"twitter:data2\" content=\"3\u00a0Minuten\" \/>\n<script type=\"application\/ld+json\" class=\"yoast-schema-graph\">{\"@context\":\"https:\/\/schema.org\",\"@graph\":[{\"@type\":\"Article\",\"@id\":\"https:\/\/www.rausch-packaging.com\/blog\/de\/kataloge\/spezialkatalog-2024-backen\/#article\",\"isPartOf\":{\"@id\":\"https:\/\/www.rausch-packaging.com\/blog\/de\/kataloge\/spezialkatalog-2024-backen\/\"},\"author\":{\"name\":\"Ines Reiter\",\"@id\":\"https:\/\/www.rausch-packaging.com\/blog\/de\/#\/schema\/person\/7968d842a2c4cbe9ca2026bb21944e92\"},\"headline\":\"Spezialkatalog 2024 \u2013 Backen\",\"datePublished\":\"2024-09-02T11:26:50+00:00\",\"dateModified\":\"2024-09-02T11:31:15+00:00\",\"mainEntityOfPage\":{\"@id\":\"https:\/\/www.rausch-packaging.com\/blog\/de\/kataloge\/spezialkatalog-2024-backen\/\"},\"wordCount\":730,\"commentCount\":0,\"publisher\":{\"@id\":\"https:\/\/www.rausch-packaging.com\/blog\/de\/#organization\"},\"image\":{\"@id\":\"https:\/\/www.rausch-packaging.com\/blog\/de\/kataloge\/spezialkatalog-2024-backen\/#primaryimage\"},\"thumbnailUrl\":\"https:\/\/www.rausch-packaging.com\/blog\/wp-content\/uploads\/2024\/08\/Backen-Beitragsbild-1.png\",\"articleSection\":[\"Kataloge\"],\"inLanguage\":\"de\",\"potentialAction\":[{\"@type\":\"CommentAction\",\"name\":\"Comment\",\"target\":[\"https:\/\/www.rausch-packaging.com\/blog\/de\/kataloge\/spezialkatalog-2024-backen\/#respond\"]}]},{\"@type\":\"WebPage\",\"@id\":\"https:\/\/www.rausch-packaging.com\/blog\/de\/kataloge\/spezialkatalog-2024-backen\/\",\"url\":\"https:\/\/www.rausch-packaging.com\/blog\/de\/kataloge\/spezialkatalog-2024-backen\/\",\"name\":\"Spezialkatalog 2024 \u2013 Backen - RAUSCH-Blog\",\"isPartOf\":{\"@id\":\"https:\/\/www.rausch-packaging.com\/blog\/de\/#website\"},\"primaryImageOfPage\":{\"@id\":\"https:\/\/www.rausch-packaging.com\/blog\/de\/kataloge\/spezialkatalog-2024-backen\/#primaryimage\"},\"image\":{\"@id\":\"https:\/\/www.rausch-packaging.com\/blog\/de\/kataloge\/spezialkatalog-2024-backen\/#primaryimage\"},\"thumbnailUrl\":\"https:\/\/www.rausch-packaging.com\/blog\/wp-content\/uploads\/2024\/08\/Backen-Beitragsbild-1.png\",\"datePublished\":\"2024-09-02T11:26:50+00:00\",\"dateModified\":\"2024-09-02T11:31:15+00:00\",\"breadcrumb\":{\"@id\":\"https:\/\/www.rausch-packaging.com\/blog\/de\/kataloge\/spezialkatalog-2024-backen\/#breadcrumb\"},\"inLanguage\":\"de\",\"potentialAction\":[{\"@type\":\"ReadAction\",\"target\":[\"https:\/\/www.rausch-packaging.com\/blog\/de\/kataloge\/spezialkatalog-2024-backen\/\"]}]},{\"@type\":\"ImageObject\",\"inLanguage\":\"de\",\"@id\":\"https:\/\/www.rausch-packaging.com\/blog\/de\/kataloge\/spezialkatalog-2024-backen\/#primaryimage\",\"url\":\"https:\/\/www.rausch-packaging.com\/blog\/wp-content\/uploads\/2024\/08\/Backen-Beitragsbild-1.png\",\"contentUrl\":\"https:\/\/www.rausch-packaging.com\/blog\/wp-content\/uploads\/2024\/08\/Backen-Beitragsbild-1.png\",\"width\":840,\"height\":559,\"caption\":\"Backen S\u00fcssigkeiten, Fensterkarton, Wolke\"},{\"@type\":\"BreadcrumbList\",\"@id\":\"https:\/\/www.rausch-packaging.com\/blog\/de\/kataloge\/spezialkatalog-2024-backen\/#breadcrumb\",\"itemListElement\":[{\"@type\":\"ListItem\",\"position\":1,\"name\":\"Startseite\",\"item\":\"https:\/\/www.rausch-packaging.com\/blog\/de\/\"},{\"@type\":\"ListItem\",\"position\":2,\"name\":\"Spezialkatalog 2024 \u2013 Backen\"}]},{\"@type\":\"WebSite\",\"@id\":\"https:\/\/www.rausch-packaging.com\/blog\/de\/#website\",\"url\":\"https:\/\/www.rausch-packaging.com\/blog\/de\/\",\"name\":\"RAUSCH-Blog\",\"description\":\"\",\"publisher\":{\"@id\":\"https:\/\/www.rausch-packaging.com\/blog\/de\/#organization\"},\"potentialAction\":[{\"@type\":\"SearchAction\",\"target\":{\"@type\":\"EntryPoint\",\"urlTemplate\":\"https:\/\/www.rausch-packaging.com\/blog\/de\/?s={search_term_string}\"},\"query-input\":{\"@type\":\"PropertyValueSpecification\",\"valueRequired\":true,\"valueName\":\"search_term_string\"}}],\"inLanguage\":\"de\"},{\"@type\":\"Organization\",\"@id\":\"https:\/\/www.rausch-packaging.com\/blog\/de\/#organization\",\"name\":\"Rausch Verpackung\",\"url\":\"https:\/\/www.rausch-packaging.com\/blog\/de\/\",\"logo\":{\"@type\":\"ImageObject\",\"inLanguage\":\"de\",\"@id\":\"https:\/\/www.rausch-packaging.com\/blog\/de\/#\/schema\/logo\/image\/\",\"url\":\"https:\/\/www.rausch-packaging.com\/blog\/wp-content\/uploads\/2022\/04\/rausch-logo.svg\",\"contentUrl\":\"https:\/\/www.rausch-packaging.com\/blog\/wp-content\/uploads\/2022\/04\/rausch-logo.svg\",\"width\":1,\"height\":1,\"caption\":\"Rausch Verpackung\"},\"image\":{\"@id\":\"https:\/\/www.rausch-packaging.com\/blog\/de\/#\/schema\/logo\/image\/\"}},{\"@type\":\"Person\",\"@id\":\"https:\/\/www.rausch-packaging.com\/blog\/de\/#\/schema\/person\/7968d842a2c4cbe9ca2026bb21944e92\",\"name\":\"Ines Reiter\",\"image\":{\"@type\":\"ImageObject\",\"inLanguage\":\"de\",\"@id\":\"https:\/\/www.rausch-packaging.com\/blog\/de\/#\/schema\/person\/image\/\",\"url\":\"https:\/\/secure.gravatar.com\/avatar\/a8743d0b7ce132e278d4e42aabcda333b09583545b3f541a9421bb42fd971259?s=96&d=mm&r=g\",\"contentUrl\":\"https:\/\/secure.gravatar.com\/avatar\/a8743d0b7ce132e278d4e42aabcda333b09583545b3f541a9421bb42fd971259?s=96&d=mm&r=g\",\"caption\":\"Ines Reiter\"}}]}<\/script>\n<!-- \/ Yoast SEO plugin. -->","yoast_head_json":{"title":"Spezialkatalog 2024 \u2013 Backen - RAUSCH-Blog","robots":{"index":"index","follow":"follow","max-snippet":"max-snippet:-1","max-image-preview":"max-image-preview:large","max-video-preview":"max-video-preview:-1"},"canonical":"https:\/\/www.rausch-packaging.com\/blog\/de\/kataloge\/spezialkatalog-2024-backen\/","og_locale":"de_DE","og_type":"article","og_title":"Spezialkatalog 2024 \u2013 Backen - RAUSCH-Blog","og_description":"Kuchen, Torten, Pralinen und Pl\u00e4tzchen bed\u00fcrfen geeigneter Verpackungen, um so fein, wie sie gebacken wurden, auch beim Kunden ankommen. Mit den dekorativen Verpackungen von RAUSCH k\u00f6nnen Sie Ihre Backwaren oder Pralinen zus\u00e4tzlich gekonnt in Szene setzen. Sehen Sie selbst eine Auswahl unseres Sortiments auf den folgenden Seiten.","og_url":"https:\/\/www.rausch-packaging.com\/blog\/de\/kataloge\/spezialkatalog-2024-backen\/","og_site_name":"RAUSCH-Blog","article_published_time":"2024-09-02T11:26:50+00:00","article_modified_time":"2024-09-02T11:31:15+00:00","og_image":[{"width":840,"height":559,"url":"https:\/\/www.rausch-packaging.com\/blog\/wp-content\/uploads\/2024\/08\/Backen-Beitragsbild-1.png","type":"image\/png"}],"author":"Ines Reiter","twitter_card":"summary_large_image","twitter_misc":{"Verfasst von":"Ines Reiter","Gesch\u00e4tzte Lesezeit":"3\u00a0Minuten"},"schema":{"@context":"https:\/\/schema.org","@graph":[{"@type":"Article","@id":"https:\/\/www.rausch-packaging.com\/blog\/de\/kataloge\/spezialkatalog-2024-backen\/#article","isPartOf":{"@id":"https:\/\/www.rausch-packaging.com\/blog\/de\/kataloge\/spezialkatalog-2024-backen\/"},"author":{"name":"Ines Reiter","@id":"https:\/\/www.rausch-packaging.com\/blog\/de\/#\/schema\/person\/7968d842a2c4cbe9ca2026bb21944e92"},"headline":"Spezialkatalog 2024 \u2013 Backen","datePublished":"2024-09-02T11:26:50+00:00","dateModified":"2024-09-02T11:31:15+00:00","mainEntityOfPage":{"@id":"https:\/\/www.rausch-packaging.com\/blog\/de\/kataloge\/spezialkatalog-2024-backen\/"},"wordCount":730,"commentCount":0,"publisher":{"@id":"https:\/\/www.rausch-packaging.com\/blog\/de\/#organization"},"image":{"@id":"https:\/\/www.rausch-packaging.com\/blog\/de\/kataloge\/spezialkatalog-2024-backen\/#primaryimage"},"thumbnailUrl":"https:\/\/www.rausch-packaging.com\/blog\/wp-content\/uploads\/2024\/08\/Backen-Beitragsbild-1.png","articleSection":["Kataloge"],"inLanguage":"de","potentialAction":[{"@type":"CommentAction","name":"Comment","target":["https:\/\/www.rausch-packaging.com\/blog\/de\/kataloge\/spezialkatalog-2024-backen\/#respond"]}]},{"@type":"WebPage","@id":"https:\/\/www.rausch-packaging.com\/blog\/de\/kataloge\/spezialkatalog-2024-backen\/","url":"https:\/\/www.rausch-packaging.com\/blog\/de\/kataloge\/spezialkatalog-2024-backen\/","name":"Spezialkatalog 2024 \u2013 Backen - RAUSCH-Blog","isPartOf":{"@id":"https:\/\/www.rausch-packaging.com\/blog\/de\/#website"},"primaryImageOfPage":{"@id":"https:\/\/www.rausch-packaging.com\/blog\/de\/kataloge\/spezialkatalog-2024-backen\/#primaryimage"},"image":{"@id":"https:\/\/www.rausch-packaging.com\/blog\/de\/kataloge\/spezialkatalog-2024-backen\/#primaryimage"},"thumbnailUrl":"https:\/\/www.rausch-packaging.com\/blog\/wp-content\/uploads\/2024\/08\/Backen-Beitragsbild-1.png","datePublished":"2024-09-02T11:26:50+00:00","dateModified":"2024-09-02T11:31:15+00:00","breadcrumb":{"@id":"https:\/\/www.rausch-packaging.com\/blog\/de\/kataloge\/spezialkatalog-2024-backen\/#breadcrumb"},"inLanguage":"de","potentialAction":[{"@type":"ReadAction","target":["https:\/\/www.rausch-packaging.com\/blog\/de\/kataloge\/spezialkatalog-2024-backen\/"]}]},{"@type":"ImageObject","inLanguage":"de","@id":"https:\/\/www.rausch-packaging.com\/blog\/de\/kataloge\/spezialkatalog-2024-backen\/#primaryimage","url":"https:\/\/www.rausch-packaging.com\/blog\/wp-content\/uploads\/2024\/08\/Backen-Beitragsbild-1.png","contentUrl":"https:\/\/www.rausch-packaging.com\/blog\/wp-content\/uploads\/2024\/08\/Backen-Beitragsbild-1.png","width":840,"height":559,"caption":"Backen S\u00fcssigkeiten, Fensterkarton, Wolke"},{"@type":"BreadcrumbList","@id":"https:\/\/www.rausch-packaging.com\/blog\/de\/kataloge\/spezialkatalog-2024-backen\/#breadcrumb","itemListElement":[{"@type":"ListItem","position":1,"name":"Startseite","item":"https:\/\/www.rausch-packaging.com\/blog\/de\/"},{"@type":"ListItem","position":2,"name":"Spezialkatalog 2024 \u2013 Backen"}]},{"@type":"WebSite","@id":"https:\/\/www.rausch-packaging.com\/blog\/de\/#website","url":"https:\/\/www.rausch-packaging.com\/blog\/de\/","name":"RAUSCH-Blog","description":"","publisher":{"@id":"https:\/\/www.rausch-packaging.com\/blog\/de\/#organization"},"potentialAction":[{"@type":"SearchAction","target":{"@type":"EntryPoint","urlTemplate":"https:\/\/www.rausch-packaging.com\/blog\/de\/?s={search_term_string}"},"query-input":{"@type":"PropertyValueSpecification","valueRequired":true,"valueName":"search_term_string"}}],"inLanguage":"de"},{"@type":"Organization","@id":"https:\/\/www.rausch-packaging.com\/blog\/de\/#organization","name":"Rausch Verpackung","url":"https:\/\/www.rausch-packaging.com\/blog\/de\/","logo":{"@type":"ImageObject","inLanguage":"de","@id":"https:\/\/www.rausch-packaging.com\/blog\/de\/#\/schema\/logo\/image\/","url":"https:\/\/www.rausch-packaging.com\/blog\/wp-content\/uploads\/2022\/04\/rausch-logo.svg","contentUrl":"https:\/\/www.rausch-packaging.com\/blog\/wp-content\/uploads\/2022\/04\/rausch-logo.svg","width":1,"height":1,"caption":"Rausch Verpackung"},"image":{"@id":"https:\/\/www.rausch-packaging.com\/blog\/de\/#\/schema\/logo\/image\/"}},{"@type":"Person","@id":"https:\/\/www.rausch-packaging.com\/blog\/de\/#\/schema\/person\/7968d842a2c4cbe9ca2026bb21944e92","name":"Ines Reiter","image":{"@type":"ImageObject","inLanguage":"de","@id":"https:\/\/www.rausch-packaging.com\/blog\/de\/#\/schema\/person\/image\/","url":"https:\/\/secure.gravatar.com\/avatar\/a8743d0b7ce132e278d4e42aabcda333b09583545b3f541a9421bb42fd971259?s=96&d=mm&r=g","contentUrl":"https:\/\/secure.gravatar.com\/avatar\/a8743d0b7ce132e278d4e42aabcda333b09583545b3f541a9421bb42fd971259?s=96&d=mm&r=g","caption":"Ines Reiter"}}]}},"magento_index":false,"_links":{"self":[{"href":"https:\/\/www.rausch-packaging.com\/blog\/de\/wp-json\/wp\/v2\/posts\/16179","targetHints":{"allow":["GET"]}}],"collection":[{"href":"https:\/\/www.rausch-packaging.com\/blog\/de\/wp-json\/wp\/v2\/posts"}],"about":[{"href":"https:\/\/www.rausch-packaging.com\/blog\/de\/wp-json\/wp\/v2\/types\/post"}],"author":[{"embeddable":true,"href":"https:\/\/www.rausch-packaging.com\/blog\/de\/wp-json\/wp\/v2\/users\/23"}],"replies":[{"embeddable":true,"href":"https:\/\/www.rausch-packaging.com\/blog\/de\/wp-json\/wp\/v2\/comments?post=16179"}],"version-history":[{"count":7,"href":"https:\/\/www.rausch-packaging.com\/blog\/de\/wp-json\/wp\/v2\/posts\/16179\/revisions"}],"predecessor-version":[{"id":16286,"href":"https:\/\/www.rausch-packaging.com\/blog\/de\/wp-json\/wp\/v2\/posts\/16179\/revisions\/16286"}],"wp:featuredmedia":[{"embeddable":true,"href":"https:\/\/www.rausch-packaging.com\/blog\/de\/wp-json\/wp\/v2\/media\/16186"}],"wp:attachment":[{"href":"https:\/\/www.rausch-packaging.com\/blog\/de\/wp-json\/wp\/v2\/media?parent=16179"}],"wp:term":[{"taxonomy":"category","embeddable":true,"href":"https:\/\/www.rausch-packaging.com\/blog\/de\/wp-json\/wp\/v2\/categories?post=16179"},{"taxonomy":"post_tag","embeddable":true,"href":"https:\/\/www.rausch-packaging.com\/blog\/de\/wp-json\/wp\/v2\/tags?post=16179"},{"taxonomy":"m2-product-id","embeddable":true,"href":"https:\/\/www.rausch-packaging.com\/blog\/de\/wp-json\/wp\/v2\/m2-product-id?post=16179"},{"taxonomy":"table_tags","embeddable":true,"href":"https:\/\/www.rausch-packaging.com\/blog\/de\/wp-json\/wp\/v2\/table_tags?post=16179"}],"curies":[{"name":"wp","href":"https:\/\/api.w.org\/{rel}","templated":true}]}}