{"id":1667,"date":"2016-09-30T13:40:04","date_gmt":"2016-09-30T11:40:04","guid":{"rendered":"https:\/\/www.rausch-packaging.com\/blog\/?p=1667"},"modified":"2024-01-22T10:48:28","modified_gmt":"2024-01-22T09:48:28","slug":"so-klangvoll-kann-verpackung-sein","status":"publish","type":"post","link":"https:\/\/www.rausch-packaging.com\/blog\/de\/inspiration-trend\/so-klangvoll-kann-verpackung-sein\/","title":{"rendered":"So klangvoll kann Verpackung sein"},"content":{"rendered":"<div class=\"wpb-content-wrapper\"><p>[vc_row][vc_column][vc_custom_heading text=&#8220;Wellpappe &amp; Co. machen Musik&#8220; use_theme_fonts=&#8220;yes&#8220;][vc_column_text css=&#8220;.vc_custom_1582555814985{margin-bottom: 20px !important;border-bottom-width: 20px !important;padding-bottom: 20px !important;}&#8220;]<strong>\u00abOhne Musik w\u00e4r&#8216; alles nichts\u00bb \u2013 war Wolfgang Amadeus Mozart einst \u00fcberzeugt. Das haben sich auch einige kreative K\u00f6pfe bei der Entwicklung von Verpackungen gedacht! Wir haben f\u00fcnf klangvolle Beispiele gesammelt:<\/strong>[\/vc_column_text][\/vc_column][\/vc_row][vc_row][vc_column][vc_custom_heading text=&#8220;1) Die Pizzabox als DJ-Pult&#8220; font_container=&#8220;tag:h3|text_align:left&#8220; use_theme_fonts=&#8220;yes&#8220;][vc_column_text]<\/p>\n<p>So unterschiedlich der <a title=\"Pizzageschm\u00e4cker in Europa\" href=\"https:\/\/www.rausch-packaging.com\/de\/pizzageschmaecker-in-europa\" target=\"_self\" rel=\"noopener noreferrer\">Belag von Pizza<\/a> sein kann, so vielseitig ist auch ihre Verpackung. Pizza Hut liefert daf\u00fcr den besten Beweis und lie\u00df aus einem Pizzakarton ein DJ-Pult konstruieren. Ausgestattet mit einer aufgedruckten Elektronik h\u00e4lt der Karton nicht nur die Pizza warm, sondern bietet die M\u00f6glichkeit Musiktitel auf zwei Kan\u00e4len abzuspielen, diese zu \u00fcberblenden sowie die Lautst\u00e4rke und Tonh\u00f6he zu regulieren. Daf\u00fcr brauchen die \u00abPizza-DJs\u00bb nur Batterien f\u00fcr die n\u00f6tige Energie sowie einen Bluetooth-f\u00e4higen Computer oder Handy, das mit einer DJ-Software ausgestattet ist. Erh\u00e4ltlich ist die limitierte Auflage der musikalischen Pizzakartons in ausgew\u00e4hlten Filialen in Gro\u00dfbritannien.<\/p>\n<p>[\/vc_column_text][vc_row_inner][vc_column_inner width=&#8220;1\/2&#8243;][vc_video link=&#8220;https:\/\/youtu.be\/7H7RkIzNCJs&#8220; css=&#8220;.vc_custom_1583747916721{margin-top: 10px !important;border-top-width: 10px !important;padding-top: 10px !important;}&#8220;][\/vc_column_inner][vc_column_inner width=&#8220;1\/2&#8243;][\/vc_column_inner][\/vc_row_inner][\/vc_column][\/vc_row][vc_row css=&#8220;.vc_custom_1582555962925{margin-top: 20px !important;border-top-width: 20px !important;padding-top: 20px !important;}&#8220;][vc_column][vc_custom_heading text=&#8220;2) Wellpappe als Lautsprecher&#8220; font_container=&#8220;tag:h3|text_align:left&#8220; use_theme_fonts=&#8220;yes&#8220;][vc_column_text]F\u00fcr jedermann zu erwerben ist das originelle Kickstarter-Projekt von Illustrator und DJ Axel Pfaender, das ebenso beweist, wie musikalisch Kartons sein k\u00f6nnen. Der Berliner vereint mit seinem Wellpappe-Lautsprecher \u00abBerlin Boombox\u00bb den Look der Ghettoblaster aus den 80er Jahre mit moderner Technologie. In weniger als f\u00fcnf Minuten k\u00f6nnen Musikliebhaber ohne Werkzeug das Pappgeh\u00e4use und die Elektronik zusammenbauen und ihr Smartphone oder ihren MP3-Player anschlie\u00dfen bzw. \u00fcber Bluetooth verbinden. Die \u00abBerlin Boombox\u00bb gibt es in von verschiedenen K\u00fcnstlern gestalteten Versionen, unifarben und sogar zum selbst Bemalen. Sie ist zudem umweltgerecht, denn die Wellpappe besteht aus recyceltem Material.[\/vc_column_text][vc_row_inner][vc_column_inner width=&#8220;1\/2&#8243;][vc_video link=&#8220;https:\/\/youtu.be\/02YNYAMRAxE&#8220; css=&#8220;.vc_custom_1582556239970{margin-top: 10px !important;border-top-width: 10px !important;padding-top: 10px !important;}&#8220;][\/vc_column_inner][vc_column_inner width=&#8220;1\/2&#8243;][\/vc_column_inner][\/vc_row_inner][\/vc_column][\/vc_row][vc_row css=&#8220;.vc_custom_1582555962925{margin-top: 20px !important;border-top-width: 20px !important;padding-top: 20px !important;}&#8220;][vc_column][vc_custom_heading text=&#8220;3) Eine klangvolle Burger-Unterlage&#8220; font_container=&#8220;tag:h3|text_align:left&#8220; use_theme_fonts=&#8220;yes&#8220;][vc_column_text]McTrax ist nicht etwa der Name der neuesten Burgerkreation von McDonalds, sondern eine Unterlage f\u00fcr ein Tablett der Fast-Food-Kette. In einer Amsterdamer Filiale k\u00f6nnen sich die G\u00e4ste \u00fcber das au\u00dfergew\u00f6hnliche St\u00fcck Papier freuen, auf dem Burger und Pommes serviert werden. Der Druck mit einer leitf\u00e4higen Tinte sowie die Ausstattung mit einer kleinen Batterie verwandeln die Unterlage in ein Mini-Musikstudio, sobald die G\u00e4ste ihr Smartphone via App und Bluetooth mit dem McTrax verbunden haben. Seine 26 Ber\u00fchrungspunkte dienen zum Beispiel als Synthesizer oder ver\u00e4ndern den Beat und das Tempo. Auch die eigene Stimme kann mit der Unterlage aufgenommen werden.[\/vc_column_text][vc_row_inner][vc_column_inner width=&#8220;1\/2&#8243;][vc_video link=&#8220;https:\/\/youtu.be\/X6zPbogDPgU&#8220; css=&#8220;.vc_custom_1582556268752{margin-top: 10px !important;border-top-width: 10px !important;padding-top: 10px !important;}&#8220;][\/vc_column_inner][vc_column_inner width=&#8220;1\/2&#8243;][\/vc_column_inner][\/vc_row_inner][\/vc_column][\/vc_row][vc_row css=&#8220;.vc_custom_1582555962925{margin-top: 20px !important;border-top-width: 20px !important;padding-top: 20px !important;}&#8220;][vc_column][vc_custom_heading text=&#8220;4) Wenn die Chipsdose zum Mikro wird&#8220; font_container=&#8220;tag:h3|text_align:left&#8220; use_theme_fonts=&#8220;yes&#8220;][vc_column_text]F\u00fcr alle Stimmakrobaten hat sich auch der Chipshersteller Pringles etwas einfallen lassen: Sein Karaoke-Kit macht die Dose zu einem Mikrofon. Um die Verpackung in den Stimmverst\u00e4rker zu verwandeln, wird einfach der Deckel entfernt und stattdessen ein Membran bzw. am Boden ein Lautsprecher eingesetzt. Daran k\u00f6nnen die Karaoke-S\u00e4nger ihr Handy anschlie\u00dfen, das f\u00fcr die n\u00f6tige Hintergrundmusik sorgt. Fans des Snackanbieters m\u00fcssen f\u00fcr das Kit zwei Codes sammeln, die sich unter dem Siegel auf den Dosen befinden. Mit diesen k\u00f6nnen sie online das Karaoke-Kit bestellen.[\/vc_column_text][vc_empty_space][\/vc_column][\/vc_row][vc_row css=&#8220;.vc_custom_1582555962925{margin-top: 20px !important;border-top-width: 20px !important;padding-top: 20px !important;}&#8220;][vc_column][vc_custom_heading text=&#8220;5) Auf der Suche nach der Kuh in der Flasche&#8220; font_container=&#8220;tag:h3|text_align:left&#8220; use_theme_fonts=&#8220;yes&#8220;][vc_column_text]Spannung beim \u00abAuspacken\u00bb erzeugt die Molkerei M\u00fcller, denn im Rahmen der Aktion \u00abFinde das Muuh!\u00bb sollten alle Trinker des Milchgetr\u00e4nks beim Aufschrauben des Deckels genau hinh\u00f6ren. Ert\u00f6nt dabei ein \u00abMuuh\u00bb, z\u00e4hlt man zu einem der f\u00fcnf Gl\u00fcckspilze und kann zwischen 20.000 und 100.000 Euro gewinnen. Erm\u00f6glicht wird dies durch ein Miniatur-Soundmodul im Deckel, das mit Hilfe eines Lichtsensors das Abspielen der \u00abtierischen Musik\u00bb aktiviert. Das kommt bei den Konsumenten an! Bereits vier Mal konnten sich Milchtrinker auf die Suche nach der Kuh in ihrer Flasche begeben.[\/vc_column_text][\/vc_column][\/vc_row]<\/p>\n<\/div>","protected":false},"excerpt":{"rendered":"<p>\u00abOhne Musik w\u00e4r&#8216; alles nichts\u00bb \u2013 war Wolfgang Amadeus Mozart einst \u00fcberzeugt. Das haben sich auch einige kreative K\u00f6pfe bei der Entwicklung von Verpackungen gedacht! Wir haben f\u00fcnf klangvolle Beispiele gesammelt.<\/p>\n","protected":false},"author":2,"featured_media":1671,"comment_status":"open","ping_status":"open","sticky":false,"template":"","format":"standard","meta":{"footnotes":""},"categories":[27],"tags":[],"m2-product-id":[],"table_tags":[],"class_list":["post-1667","post","type-post","status-publish","format-standard","has-post-thumbnail","hentry","category-inspiration-trend","category-27","description-off"],"yoast_head":"<!-- This site is optimized with the Yoast SEO plugin v26.4 - https:\/\/yoast.com\/wordpress\/plugins\/seo\/ -->\n<title>So klangvoll kann Verpackung sein | RAUSCH-Blog<\/title>\n<meta name=\"description\" content=\"Einige kreative K\u00f6pfe haben sich bei der Entwicklung von Verpackungen ganz sch\u00f6n was gedacht! Wir haben f\u00fcnf klangvolle Beispiele gesammelt\" \/>\n<meta name=\"robots\" content=\"index, follow, max-snippet:-1, max-image-preview:large, max-video-preview:-1\" \/>\n<link rel=\"canonical\" href=\"https:\/\/www.rausch-packaging.com\/blog\/de\/inspiration-trend\/so-klangvoll-kann-verpackung-sein\/\" \/>\n<meta property=\"og:locale\" content=\"de_DE\" \/>\n<meta property=\"og:type\" content=\"article\" \/>\n<meta property=\"og:title\" content=\"So klangvoll kann Verpackung sein | RAUSCH-Blog\" \/>\n<meta property=\"og:description\" content=\"Einige kreative K\u00f6pfe haben sich bei der Entwicklung von Verpackungen ganz sch\u00f6n was gedacht! Wir haben f\u00fcnf klangvolle Beispiele gesammelt\" \/>\n<meta property=\"og:url\" content=\"https:\/\/www.rausch-packaging.com\/blog\/de\/inspiration-trend\/so-klangvoll-kann-verpackung-sein\/\" \/>\n<meta property=\"og:site_name\" content=\"RAUSCH-Blog\" \/>\n<meta property=\"article:published_time\" content=\"2016-09-30T11:40:04+00:00\" \/>\n<meta property=\"article:modified_time\" content=\"2024-01-22T09:48:28+00:00\" \/>\n<meta property=\"og:image\" content=\"https:\/\/www.rausch-packaging.com\/blog\/wp-content\/uploads\/2017\/06\/image_1-1-1.jpg\" \/>\n\t<meta property=\"og:image:width\" content=\"577\" \/>\n\t<meta property=\"og:image:height\" content=\"380\" \/>\n\t<meta property=\"og:image:type\" content=\"image\/jpeg\" \/>\n<meta name=\"author\" content=\"Erich Balan\" \/>\n<meta name=\"twitter:card\" content=\"summary_large_image\" \/>\n<meta name=\"twitter:title\" content=\"So klangvoll kann Verpackung sein | RAUSCH-Blog\" \/>\n<meta name=\"twitter:description\" content=\"Einige kreative K\u00f6pfe haben sich bei der Entwicklung von Verpackungen ganz sch\u00f6n was gedacht! Wir haben f\u00fcnf klangvolle Beispiele gesammelt\" \/>\n<meta name=\"twitter:label1\" content=\"Verfasst von\" \/>\n\t<meta name=\"twitter:data1\" content=\"Erich Balan\" \/>\n\t<meta name=\"twitter:label2\" content=\"Gesch\u00e4tzte Lesezeit\" \/>\n\t<meta name=\"twitter:data2\" content=\"4\u00a0Minuten\" \/>\n<script type=\"application\/ld+json\" class=\"yoast-schema-graph\">{\"@context\":\"https:\/\/schema.org\",\"@graph\":[{\"@type\":\"Article\",\"@id\":\"https:\/\/www.rausch-packaging.com\/blog\/de\/inspiration-trend\/so-klangvoll-kann-verpackung-sein\/#article\",\"isPartOf\":{\"@id\":\"https:\/\/www.rausch-packaging.com\/blog\/de\/inspiration-trend\/so-klangvoll-kann-verpackung-sein\/\"},\"author\":{\"name\":\"Erich Balan\",\"@id\":\"https:\/\/www.rausch-packaging.com\/blog\/de\/#\/schema\/person\/d0c096e25f5a43bc1d27b0321ffba9a8\"},\"headline\":\"So klangvoll kann Verpackung sein\",\"datePublished\":\"2016-09-30T11:40:04+00:00\",\"dateModified\":\"2024-01-22T09:48:28+00:00\",\"mainEntityOfPage\":{\"@id\":\"https:\/\/www.rausch-packaging.com\/blog\/de\/inspiration-trend\/so-klangvoll-kann-verpackung-sein\/\"},\"wordCount\":921,\"commentCount\":0,\"publisher\":{\"@id\":\"https:\/\/www.rausch-packaging.com\/blog\/de\/#organization\"},\"image\":{\"@id\":\"https:\/\/www.rausch-packaging.com\/blog\/de\/inspiration-trend\/so-klangvoll-kann-verpackung-sein\/#primaryimage\"},\"thumbnailUrl\":\"https:\/\/www.rausch-packaging.com\/blog\/wp-content\/uploads\/2017\/06\/image_1-1-1.jpg\",\"articleSection\":[\"Inspiration &amp; Trend\"],\"inLanguage\":\"de\",\"potentialAction\":[{\"@type\":\"CommentAction\",\"name\":\"Comment\",\"target\":[\"https:\/\/www.rausch-packaging.com\/blog\/de\/inspiration-trend\/so-klangvoll-kann-verpackung-sein\/#respond\"]}]},{\"@type\":\"WebPage\",\"@id\":\"https:\/\/www.rausch-packaging.com\/blog\/de\/inspiration-trend\/so-klangvoll-kann-verpackung-sein\/\",\"url\":\"https:\/\/www.rausch-packaging.com\/blog\/de\/inspiration-trend\/so-klangvoll-kann-verpackung-sein\/\",\"name\":\"So klangvoll kann Verpackung sein | RAUSCH-Blog\",\"isPartOf\":{\"@id\":\"https:\/\/www.rausch-packaging.com\/blog\/de\/#website\"},\"primaryImageOfPage\":{\"@id\":\"https:\/\/www.rausch-packaging.com\/blog\/de\/inspiration-trend\/so-klangvoll-kann-verpackung-sein\/#primaryimage\"},\"image\":{\"@id\":\"https:\/\/www.rausch-packaging.com\/blog\/de\/inspiration-trend\/so-klangvoll-kann-verpackung-sein\/#primaryimage\"},\"thumbnailUrl\":\"https:\/\/www.rausch-packaging.com\/blog\/wp-content\/uploads\/2017\/06\/image_1-1-1.jpg\",\"datePublished\":\"2016-09-30T11:40:04+00:00\",\"dateModified\":\"2024-01-22T09:48:28+00:00\",\"description\":\"Einige kreative K\u00f6pfe haben sich bei der Entwicklung von Verpackungen ganz sch\u00f6n was gedacht! Wir haben f\u00fcnf klangvolle Beispiele gesammelt\",\"breadcrumb\":{\"@id\":\"https:\/\/www.rausch-packaging.com\/blog\/de\/inspiration-trend\/so-klangvoll-kann-verpackung-sein\/#breadcrumb\"},\"inLanguage\":\"de\",\"potentialAction\":[{\"@type\":\"ReadAction\",\"target\":[\"https:\/\/www.rausch-packaging.com\/blog\/de\/inspiration-trend\/so-klangvoll-kann-verpackung-sein\/\"]}]},{\"@type\":\"ImageObject\",\"inLanguage\":\"de\",\"@id\":\"https:\/\/www.rausch-packaging.com\/blog\/de\/inspiration-trend\/so-klangvoll-kann-verpackung-sein\/#primaryimage\",\"url\":\"https:\/\/www.rausch-packaging.com\/blog\/wp-content\/uploads\/2017\/06\/image_1-1-1.jpg\",\"contentUrl\":\"https:\/\/www.rausch-packaging.com\/blog\/wp-content\/uploads\/2017\/06\/image_1-1-1.jpg\",\"width\":577,\"height\":380,\"caption\":\"Klangvolle Verpackung\"},{\"@type\":\"BreadcrumbList\",\"@id\":\"https:\/\/www.rausch-packaging.com\/blog\/de\/inspiration-trend\/so-klangvoll-kann-verpackung-sein\/#breadcrumb\",\"itemListElement\":[{\"@type\":\"ListItem\",\"position\":1,\"name\":\"Startseite\",\"item\":\"https:\/\/www.rausch-packaging.com\/blog\/de\/\"},{\"@type\":\"ListItem\",\"position\":2,\"name\":\"So klangvoll kann Verpackung sein\"}]},{\"@type\":\"WebSite\",\"@id\":\"https:\/\/www.rausch-packaging.com\/blog\/de\/#website\",\"url\":\"https:\/\/www.rausch-packaging.com\/blog\/de\/\",\"name\":\"RAUSCH-Blog\",\"description\":\"\",\"publisher\":{\"@id\":\"https:\/\/www.rausch-packaging.com\/blog\/de\/#organization\"},\"potentialAction\":[{\"@type\":\"SearchAction\",\"target\":{\"@type\":\"EntryPoint\",\"urlTemplate\":\"https:\/\/www.rausch-packaging.com\/blog\/de\/?s={search_term_string}\"},\"query-input\":{\"@type\":\"PropertyValueSpecification\",\"valueRequired\":true,\"valueName\":\"search_term_string\"}}],\"inLanguage\":\"de\"},{\"@type\":\"Organization\",\"@id\":\"https:\/\/www.rausch-packaging.com\/blog\/de\/#organization\",\"name\":\"Rausch Verpackung\",\"url\":\"https:\/\/www.rausch-packaging.com\/blog\/de\/\",\"logo\":{\"@type\":\"ImageObject\",\"inLanguage\":\"de\",\"@id\":\"https:\/\/www.rausch-packaging.com\/blog\/de\/#\/schema\/logo\/image\/\",\"url\":\"https:\/\/www.rausch-packaging.com\/blog\/wp-content\/uploads\/2022\/04\/rausch-logo.svg\",\"contentUrl\":\"https:\/\/www.rausch-packaging.com\/blog\/wp-content\/uploads\/2022\/04\/rausch-logo.svg\",\"width\":1,\"height\":1,\"caption\":\"Rausch Verpackung\"},\"image\":{\"@id\":\"https:\/\/www.rausch-packaging.com\/blog\/de\/#\/schema\/logo\/image\/\"}},{\"@type\":\"Person\",\"@id\":\"https:\/\/www.rausch-packaging.com\/blog\/de\/#\/schema\/person\/d0c096e25f5a43bc1d27b0321ffba9a8\",\"name\":\"Erich Balan\",\"image\":{\"@type\":\"ImageObject\",\"inLanguage\":\"de\",\"@id\":\"https:\/\/www.rausch-packaging.com\/blog\/de\/#\/schema\/person\/image\/\",\"url\":\"https:\/\/secure.gravatar.com\/avatar\/e7695502c40f0286057f0cb0ba2d4a1500be0717b94ada3d0328bda1f0ecd26d?s=96&d=mm&r=g\",\"contentUrl\":\"https:\/\/secure.gravatar.com\/avatar\/e7695502c40f0286057f0cb0ba2d4a1500be0717b94ada3d0328bda1f0ecd26d?s=96&d=mm&r=g\",\"caption\":\"Erich Balan\"}}]}<\/script>\n<!-- \/ Yoast SEO plugin. -->","yoast_head_json":{"title":"So klangvoll kann Verpackung sein | RAUSCH-Blog","description":"Einige kreative K\u00f6pfe haben sich bei der Entwicklung von Verpackungen ganz sch\u00f6n was gedacht! Wir haben f\u00fcnf klangvolle Beispiele gesammelt","robots":{"index":"index","follow":"follow","max-snippet":"max-snippet:-1","max-image-preview":"max-image-preview:large","max-video-preview":"max-video-preview:-1"},"canonical":"https:\/\/www.rausch-packaging.com\/blog\/de\/inspiration-trend\/so-klangvoll-kann-verpackung-sein\/","og_locale":"de_DE","og_type":"article","og_title":"So klangvoll kann Verpackung sein | RAUSCH-Blog","og_description":"Einige kreative K\u00f6pfe haben sich bei der Entwicklung von Verpackungen ganz sch\u00f6n was gedacht! Wir haben f\u00fcnf klangvolle Beispiele gesammelt","og_url":"https:\/\/www.rausch-packaging.com\/blog\/de\/inspiration-trend\/so-klangvoll-kann-verpackung-sein\/","og_site_name":"RAUSCH-Blog","article_published_time":"2016-09-30T11:40:04+00:00","article_modified_time":"2024-01-22T09:48:28+00:00","og_image":[{"width":577,"height":380,"url":"https:\/\/www.rausch-packaging.com\/blog\/wp-content\/uploads\/2017\/06\/image_1-1-1.jpg","type":"image\/jpeg"}],"author":"Erich Balan","twitter_card":"summary_large_image","twitter_title":"So klangvoll kann Verpackung sein | RAUSCH-Blog","twitter_description":"Einige kreative K\u00f6pfe haben sich bei der Entwicklung von Verpackungen ganz sch\u00f6n was gedacht! Wir haben f\u00fcnf klangvolle Beispiele gesammelt","twitter_misc":{"Verfasst von":"Erich Balan","Gesch\u00e4tzte Lesezeit":"4\u00a0Minuten"},"schema":{"@context":"https:\/\/schema.org","@graph":[{"@type":"Article","@id":"https:\/\/www.rausch-packaging.com\/blog\/de\/inspiration-trend\/so-klangvoll-kann-verpackung-sein\/#article","isPartOf":{"@id":"https:\/\/www.rausch-packaging.com\/blog\/de\/inspiration-trend\/so-klangvoll-kann-verpackung-sein\/"},"author":{"name":"Erich Balan","@id":"https:\/\/www.rausch-packaging.com\/blog\/de\/#\/schema\/person\/d0c096e25f5a43bc1d27b0321ffba9a8"},"headline":"So klangvoll kann Verpackung sein","datePublished":"2016-09-30T11:40:04+00:00","dateModified":"2024-01-22T09:48:28+00:00","mainEntityOfPage":{"@id":"https:\/\/www.rausch-packaging.com\/blog\/de\/inspiration-trend\/so-klangvoll-kann-verpackung-sein\/"},"wordCount":921,"commentCount":0,"publisher":{"@id":"https:\/\/www.rausch-packaging.com\/blog\/de\/#organization"},"image":{"@id":"https:\/\/www.rausch-packaging.com\/blog\/de\/inspiration-trend\/so-klangvoll-kann-verpackung-sein\/#primaryimage"},"thumbnailUrl":"https:\/\/www.rausch-packaging.com\/blog\/wp-content\/uploads\/2017\/06\/image_1-1-1.jpg","articleSection":["Inspiration &amp; Trend"],"inLanguage":"de","potentialAction":[{"@type":"CommentAction","name":"Comment","target":["https:\/\/www.rausch-packaging.com\/blog\/de\/inspiration-trend\/so-klangvoll-kann-verpackung-sein\/#respond"]}]},{"@type":"WebPage","@id":"https:\/\/www.rausch-packaging.com\/blog\/de\/inspiration-trend\/so-klangvoll-kann-verpackung-sein\/","url":"https:\/\/www.rausch-packaging.com\/blog\/de\/inspiration-trend\/so-klangvoll-kann-verpackung-sein\/","name":"So klangvoll kann Verpackung sein | RAUSCH-Blog","isPartOf":{"@id":"https:\/\/www.rausch-packaging.com\/blog\/de\/#website"},"primaryImageOfPage":{"@id":"https:\/\/www.rausch-packaging.com\/blog\/de\/inspiration-trend\/so-klangvoll-kann-verpackung-sein\/#primaryimage"},"image":{"@id":"https:\/\/www.rausch-packaging.com\/blog\/de\/inspiration-trend\/so-klangvoll-kann-verpackung-sein\/#primaryimage"},"thumbnailUrl":"https:\/\/www.rausch-packaging.com\/blog\/wp-content\/uploads\/2017\/06\/image_1-1-1.jpg","datePublished":"2016-09-30T11:40:04+00:00","dateModified":"2024-01-22T09:48:28+00:00","description":"Einige kreative K\u00f6pfe haben sich bei der Entwicklung von Verpackungen ganz sch\u00f6n was gedacht! Wir haben f\u00fcnf klangvolle Beispiele gesammelt","breadcrumb":{"@id":"https:\/\/www.rausch-packaging.com\/blog\/de\/inspiration-trend\/so-klangvoll-kann-verpackung-sein\/#breadcrumb"},"inLanguage":"de","potentialAction":[{"@type":"ReadAction","target":["https:\/\/www.rausch-packaging.com\/blog\/de\/inspiration-trend\/so-klangvoll-kann-verpackung-sein\/"]}]},{"@type":"ImageObject","inLanguage":"de","@id":"https:\/\/www.rausch-packaging.com\/blog\/de\/inspiration-trend\/so-klangvoll-kann-verpackung-sein\/#primaryimage","url":"https:\/\/www.rausch-packaging.com\/blog\/wp-content\/uploads\/2017\/06\/image_1-1-1.jpg","contentUrl":"https:\/\/www.rausch-packaging.com\/blog\/wp-content\/uploads\/2017\/06\/image_1-1-1.jpg","width":577,"height":380,"caption":"Klangvolle Verpackung"},{"@type":"BreadcrumbList","@id":"https:\/\/www.rausch-packaging.com\/blog\/de\/inspiration-trend\/so-klangvoll-kann-verpackung-sein\/#breadcrumb","itemListElement":[{"@type":"ListItem","position":1,"name":"Startseite","item":"https:\/\/www.rausch-packaging.com\/blog\/de\/"},{"@type":"ListItem","position":2,"name":"So klangvoll kann Verpackung sein"}]},{"@type":"WebSite","@id":"https:\/\/www.rausch-packaging.com\/blog\/de\/#website","url":"https:\/\/www.rausch-packaging.com\/blog\/de\/","name":"RAUSCH-Blog","description":"","publisher":{"@id":"https:\/\/www.rausch-packaging.com\/blog\/de\/#organization"},"potentialAction":[{"@type":"SearchAction","target":{"@type":"EntryPoint","urlTemplate":"https:\/\/www.rausch-packaging.com\/blog\/de\/?s={search_term_string}"},"query-input":{"@type":"PropertyValueSpecification","valueRequired":true,"valueName":"search_term_string"}}],"inLanguage":"de"},{"@type":"Organization","@id":"https:\/\/www.rausch-packaging.com\/blog\/de\/#organization","name":"Rausch Verpackung","url":"https:\/\/www.rausch-packaging.com\/blog\/de\/","logo":{"@type":"ImageObject","inLanguage":"de","@id":"https:\/\/www.rausch-packaging.com\/blog\/de\/#\/schema\/logo\/image\/","url":"https:\/\/www.rausch-packaging.com\/blog\/wp-content\/uploads\/2022\/04\/rausch-logo.svg","contentUrl":"https:\/\/www.rausch-packaging.com\/blog\/wp-content\/uploads\/2022\/04\/rausch-logo.svg","width":1,"height":1,"caption":"Rausch Verpackung"},"image":{"@id":"https:\/\/www.rausch-packaging.com\/blog\/de\/#\/schema\/logo\/image\/"}},{"@type":"Person","@id":"https:\/\/www.rausch-packaging.com\/blog\/de\/#\/schema\/person\/d0c096e25f5a43bc1d27b0321ffba9a8","name":"Erich Balan","image":{"@type":"ImageObject","inLanguage":"de","@id":"https:\/\/www.rausch-packaging.com\/blog\/de\/#\/schema\/person\/image\/","url":"https:\/\/secure.gravatar.com\/avatar\/e7695502c40f0286057f0cb0ba2d4a1500be0717b94ada3d0328bda1f0ecd26d?s=96&d=mm&r=g","contentUrl":"https:\/\/secure.gravatar.com\/avatar\/e7695502c40f0286057f0cb0ba2d4a1500be0717b94ada3d0328bda1f0ecd26d?s=96&d=mm&r=g","caption":"Erich Balan"}}]}},"magento_index":false,"_links":{"self":[{"href":"https:\/\/www.rausch-packaging.com\/blog\/de\/wp-json\/wp\/v2\/posts\/1667","targetHints":{"allow":["GET"]}}],"collection":[{"href":"https:\/\/www.rausch-packaging.com\/blog\/de\/wp-json\/wp\/v2\/posts"}],"about":[{"href":"https:\/\/www.rausch-packaging.com\/blog\/de\/wp-json\/wp\/v2\/types\/post"}],"author":[{"embeddable":true,"href":"https:\/\/www.rausch-packaging.com\/blog\/de\/wp-json\/wp\/v2\/users\/2"}],"replies":[{"embeddable":true,"href":"https:\/\/www.rausch-packaging.com\/blog\/de\/wp-json\/wp\/v2\/comments?post=1667"}],"version-history":[{"count":9,"href":"https:\/\/www.rausch-packaging.com\/blog\/de\/wp-json\/wp\/v2\/posts\/1667\/revisions"}],"predecessor-version":[{"id":14349,"href":"https:\/\/www.rausch-packaging.com\/blog\/de\/wp-json\/wp\/v2\/posts\/1667\/revisions\/14349"}],"wp:featuredmedia":[{"embeddable":true,"href":"https:\/\/www.rausch-packaging.com\/blog\/de\/wp-json\/wp\/v2\/media\/1671"}],"wp:attachment":[{"href":"https:\/\/www.rausch-packaging.com\/blog\/de\/wp-json\/wp\/v2\/media?parent=1667"}],"wp:term":[{"taxonomy":"category","embeddable":true,"href":"https:\/\/www.rausch-packaging.com\/blog\/de\/wp-json\/wp\/v2\/categories?post=1667"},{"taxonomy":"post_tag","embeddable":true,"href":"https:\/\/www.rausch-packaging.com\/blog\/de\/wp-json\/wp\/v2\/tags?post=1667"},{"taxonomy":"m2-product-id","embeddable":true,"href":"https:\/\/www.rausch-packaging.com\/blog\/de\/wp-json\/wp\/v2\/m2-product-id?post=1667"},{"taxonomy":"table_tags","embeddable":true,"href":"https:\/\/www.rausch-packaging.com\/blog\/de\/wp-json\/wp\/v2\/table_tags?post=1667"}],"curies":[{"name":"wp","href":"https:\/\/api.w.org\/{rel}","templated":true}]}}