{"id":2207,"date":"2017-12-11T11:18:26","date_gmt":"2017-12-11T10:18:26","guid":{"rendered":"https:\/\/www.rausch-packaging.com\/blog\/?p=2207"},"modified":"2023-10-12T11:00:14","modified_gmt":"2023-10-12T09:00:14","slug":"papiertueten-fuer-den-guten-zweck","status":"publish","type":"post","link":"https:\/\/www.rausch-packaging.com\/blog\/de\/inspiration-trend\/papiertueten-fuer-den-guten-zweck\/","title":{"rendered":"Mit Papiert\u00fcten eine Freude machen"},"content":{"rendered":"<div class=\"wpb-content-wrapper\"><p>[vc_row][vc_column][vc_custom_heading text=&#8220;Wie Sie mit Verpackung etwas Gutes tun&#8220; use_theme_fonts=&#8220;yes&#8220;][vc_column_text css=&#8220;.vc_custom_1582724548840{margin-bottom: 20px !important;border-bottom-width: 20px !important;padding-bottom: 20px !important;}&#8220;]<strong>Anderen eine Freude machen und etwas Gutes tun geh\u00f6rt zur Adventzeit wie Pl\u00e4tzchen essen und Gl\u00fchwein trinken. Genau der richtige Zeitpunkt also, um der Frage nachzugehen, welche Rolle die Verpackung dabei spielen kann. Wir haben f\u00fcr die Papiert\u00fcte f\u00fcnf Beispiele gesammelt.<\/strong>[\/vc_column_text][vc_column_text]<\/p>\n<p>Den Anfang macht dabei ein kleiner Junge aus dem US-amerikanischen Bundesstaat Minnesota. Als er das Sommercamp besuchen musste, zauberte ihm sein Vater jeden Tag ein L\u00e4cheln auf das Gesicht. Der Grund daf\u00fcr? Die Papiert\u00fcten, in denen der 5-j\u00e4hrige Junge sein Mittagessen zur Schule transportierte. Denn sein Vater, Bryan Dunn, nahm sich jeden Morgen die Zeit, sie mit einem neuen Motiv zu bemalen (eine Auswahl sehen Sie <a href=\"#top\">im Bild oben<\/a>). Als gelernter Grafikdesigner kamen seine Zeichnungen nicht nur bei seinem eigenen Sohn gut an: Dieser verschenkte sie teilweise an Mitsch\u00fcler, andere h\u00e4ngten die Lehrer an eine Wand in der Schule, wie Dunn im <a title=\"SPIEGEL ONLINE: \u00abGut einget\u00fctet\u00bb\" href=\"http:\/\/www.spiegel.de\/netzwelt\/web\/vater-bemalt-fuer-seinen-sohn-papiertueten-fuer-die-schule-a-853262.html\" target=\"_self\" rel=\"noopener noreferrer\">Interview mit SPIEGEL ONLINE<\/a> erz\u00e4hlt. Aber damit noch nicht genug! Als der \u00abT\u00fcten-K\u00fcnstler\u00bb seine Werke auf die Plattform Reddit stellte, wurden diese drei Millionen Mal geklickt. Eine ziemlich wirkungsvolle Verpackung, die vielen Millionen Menschen eine Freude bereitet hat.<\/p>\n<p>[\/vc_column_text][vc_row_inner][vc_column_inner width=&#8220;1\/2&#8243;][vc_video link=&#8220;https:\/\/www.facebook.com\/aol\/videos\/786877991467984\/?t=0&#8243;][\/vc_column_inner][vc_column_inner width=&#8220;1\/2&#8243;][\/vc_column_inner][\/vc_row_inner][vc_row_inner][vc_column_inner][vc_column_text css=&#8220;.vc_custom_1697101188099{margin-top: 10px !important;border-top-width: 10px !important;padding-top: 10px !important;}&#8220;]Sie haben Gefallen an den T\u00fcten gefunden? Mehr von Bryans Werken gibt es auf seiner <a title=\"Facebook: \u00abThe Bag Dad\u00bb\" href=\"https:\/\/www.facebook.com\/TheBagDad\/\" target=\"_blank\" rel=\"noopener noreferrer\">Facebook-Seite<\/a> zu sehen oder in <a title=\"Web-Shop Bryan Dunn\" href=\"https:\/\/society6.com\/welldunn\" target=\"_self\" rel=\"noopener noreferrer\">seinem Web-Shop<\/a> zu kaufen.[\/vc_column_text][\/vc_column_inner][\/vc_row_inner][\/vc_column][\/vc_row][vc_row el_class=&#8220;wrapper-infobox&#8220; css=&#8220;.vc_custom_1582549756793{padding-top: 40px !important;padding-bottom: 40px !important;}&#8220;][vc_column][vc_row_inner][vc_column_inner el_class=&#8220;infobox-image&#8220;][vc_single_image image=&#8220;1021&#8243; el_class=&#8220;infobox-badge&#8220;][vc_cta h2=&#8220;&#8220; shape=&#8220;square&#8220; css=&#8220;.vc_custom_1582724689182{padding-top: 30px !important;padding-right: 30px !important;padding-bottom: 30px !important;padding-left: 100px !important;background-color: #eaeaea !important;}&#8220; el_class=&#8220;infobox-text&#8220;]Jede Ihrer Papiert\u00fcten einzeln zu bemalen, w\u00e4re f\u00fcr Sie wohl eine ziemliche Herausforderung. Die Geschichte zeigt jedoch, welche Freude Verpackung machen und was sie f\u00fcr eine Wirkung haben kann \u2013 wenn sie ansprechend gestaltet ist. Individuelle Verpackung bietet Ihnen die M\u00f6glichkeit, Sie nach Ihren W\u00fcnschen fertigen und bedrucken zu lassen. Erfahren Sie mehr \u00fcber <a title=\"Individuelle Verpackungen von RAUSCH\" href=\"https:\/\/www.rausch-packaging.com\/de\/individuelle-verpackungen\/\" target=\"_self\" rel=\"noopener noreferrer\">individuelle Verpackungen<\/a>.[\/vc_cta][\/vc_column_inner][\/vc_row_inner][\/vc_column][\/vc_row][vc_row][vc_column][vc_column_text css=&#8220;.vc_custom_1582724764655{margin-top: 10px !important;margin-bottom: 20px !important;border-top-width: 10px !important;border-bottom-width: 20px !important;padding-top: 10px !important;padding-bottom: 20px !important;}&#8220;]Und wie k\u00f6nnen Sie konkret mit Papiert\u00fcten Gutes tun?[\/vc_column_text][\/vc_column][\/vc_row][vc_row][vc_column][vc_custom_heading text=&#8220;Kunstvolle T\u00fcten&#8220; font_container=&#8220;tag:h3|text_align:left&#8220; use_theme_fonts=&#8220;yes&#8220;][vc_row_inner css=&#8220;.vc_custom_1582648847508{margin-top: 10px !important;border-top-width: 10px !important;padding-top: 10px !important;}&#8220;][vc_column_inner][vc_column_text]<\/p>\n<p>Die Geschichte von Bryan Dunn und seinem Sohn kann Ihnen zur Inspiration dienen. Wenn k\u00fcnstlerisch gestaltete T\u00fcten so gut ankommen, lassen sich diese auch f\u00fcr einen guten Zweck nutzen. Eine M\u00f6glichkeit: Sponsoren Sie Papier-Tragetaschen, die von K\u00fcnstlern oder Laien gestaltet werden. Entweder k\u00f6nnen Sie diese dann versteigern oder auch bei Ihnen im Gesch\u00e4ft ausstellen und verkaufen. Eine Kooperation mit anderen L\u00e4den in Ihrer Umgebung ist hier ebenso denkbar. Die Einnahmen gehen anschlie\u00dfend an eine gemeinn\u00fctzige Organisation. \u00dcbrigens: Abgesehen von der Papier-Tragetasche eignen sich auch <a title=\"Mehrweg-Tragetasche aus Baumwolle\" href=\"https:\/\/www.rausch-packaging.com\/de\/mehrweg-tragetasche-baumwolle.html\" target=\"_blank\" rel=\"noopener noreferrer\">Mehrweg-Tragetaschen aus Baumwolle<\/a> ideal f\u00fcr k\u00fcnstlerische Werke.<\/p>\n<p>[\/vc_column_text][\/vc_column_inner][\/vc_row_inner][\/vc_column][\/vc_row][vc_row css=&#8220;.vc_custom_1582648779031{margin-top: 20px !important;border-top-width: 20px !important;padding-top: 20px !important;}&#8220;][vc_column][vc_custom_heading text=&#8220;Sicherer Transport gegen Spende&#8220; font_container=&#8220;tag:h3|text_align:left&#8220; use_theme_fonts=&#8220;yes&#8220;][vc_row_inner css=&#8220;.vc_custom_1582648847508{margin-top: 10px !important;border-top-width: 10px !important;padding-top: 10px !important;}&#8220;][vc_column_inner width=&#8220;1\/2&#8243;][vc_single_image image=&#8220;2208&#8243; img_size=&#8220;full&#8220; alignment=&#8220;center&#8220;][\/vc_column_inner][vc_column_inner width=&#8220;1\/2&#8243;][vc_column_text]F\u00fcr eine Spende braucht es nicht einmal ein Kunstwerk sein. Eine geringe Abgabe f\u00fcr Tragetaschen \u2013 ob aus Papier oder Kunststoff \u2013 hat sich im Einzelhandel inzwischen fest etabliert. Anstatt mit diesen zus\u00e4tzlichen Einnahmen den Einkauf der Taschen zu finanzieren, k\u00f6nnen Sie das Geld auch spenden. Ein bestimmter Zeitraum wie etwa der Advent bietet sich daf\u00fcr an \u2013 oder Sie sammeln das ganze Jahr \u00fcber den Gewinn.[\/vc_column_text][\/vc_column_inner][\/vc_row_inner][vc_column_text css=&#8220;.vc_custom_1582725424603{margin-top: 10px !important;border-top-width: 10px !important;padding-top: 10px !important;}&#8220;]Ihre Kunden erhalten eine sichere Transporthilfe und zugleich das gute Gef\u00fchl, jemandem geholfen zu haben. Informieren Sie mit Aufstellern \u00fcber Ihr Engagement oder stellen Sie zus\u00e4tzlich eine Spendenbox auf, in der Sie \u2013 tats\u00e4chlich sichtbar \u2013 den Betrag f\u00fcr eine Tasche einwerfen (lassen), wenn Kunden eine Tragehilfe erwerben.[\/vc_column_text][\/vc_column][\/vc_row][vc_row css=&#8220;.vc_custom_1582648779031{margin-top: 20px !important;border-top-width: 20px !important;padding-top: 20px !important;}&#8220;][vc_column][vc_custom_heading text=&#8220;Eine \u00abaufgeschobene\u00bb Mahlzeit&#8220; font_container=&#8220;tag:h3|text_align:left&#8220; use_theme_fonts=&#8220;yes&#8220;][vc_row_inner css=&#8220;.vc_custom_1582648847508{margin-top: 10px !important;border-top-width: 10px !important;padding-top: 10px !important;}&#8220;][vc_column_inner][vc_column_text]<\/p>\n<p>Ein \u00abAufgeschobener\u00bb \u2013 darunter versteht sich urspr\u00fcnglich eine Kaffee-Spende. In teilnehmenden Gesch\u00e4ften bestellen die G\u00e4ste einfach einen Kaffee f\u00fcr sich und zahlen f\u00fcr Zwei. Bed\u00fcrftige erhalten dann diesen aufgeschobenen Kaffee kostenlos \u2013 und ganz \u00abunb\u00fcrokratisch\u00bb, wenn sie im Laden danach fragen. Mehr \u00fcber diese Idee lesen Sie <a title=\"Suspended Coffee - mit Kaffee Gutes tun\" href=\"https:\/\/www.rausch-packaging.com\/de\/suspended-coffee-mit-kaffe-gutes-tun\" target=\"_blank\" rel=\"noopener noreferrer\">hier<\/a>. Dabei muss es nicht beim Kaffee bleiben. Auch was Sie in einem Papierfaltenbeutel verkaufen, etwa Brot, Br\u00f6tchen, Sandwiches, belegte Brote uvm. k\u00f6nnen Ihre Kunden weiter spenden \u2013 und Bed\u00fcrftige dann in der entsprechenden T\u00fcte mitnehmen.<\/p>\n<p>[\/vc_column_text][\/vc_column_inner][\/vc_row_inner][\/vc_column][\/vc_row][vc_row css=&#8220;.vc_custom_1582648779031{margin-top: 20px !important;border-top-width: 20px !important;padding-top: 20px !important;}&#8220;][vc_column][vc_custom_heading text=&#8220;Unterst\u00fctzung in der T\u00fcte&#8220; font_container=&#8220;tag:h3|text_align:left&#8220; use_theme_fonts=&#8220;yes&#8220;][vc_row_inner css=&#8220;.vc_custom_1582648847508{margin-top: 10px !important;border-top-width: 10px !important;padding-top: 10px !important;}&#8220;][vc_column_inner width=&#8220;1\/2&#8243;][vc_single_image image=&#8220;2211&#8243; img_size=&#8220;full&#8220; alignment=&#8220;center&#8220;][\/vc_column_inner][vc_column_inner width=&#8220;1\/2&#8243;][vc_column_text]Ihnen gef\u00e4llt die Idee des \u00abAufgeschobenen\u00bb, haben aber keine Bedientheke? Lassen Sie Ihre Kunden in einer separaten T\u00fcte einkaufen und diese dann samt Inhalt spenden! In diesem Fall geben Sie die nach einer festgelegten Zeit die gesammelte Ware an eine karitative Einrichtung bei Ihnen in der Umgebung. Die T\u00fcten verteilen Sie am besten am Eingang Ihres Gesch\u00e4fts, um auf die Spendenaktion aufmerksam zu machen.[\/vc_column_text][\/vc_column_inner][\/vc_row_inner][vc_column_text css=&#8220;.vc_custom_1582725540409{margin-top: 10px !important;border-top-width: 10px !important;padding-top: 10px !important;}&#8220;]F\u00fcr Lebensmittel sind beispielsweise Luncht\u00fcten eine praktische Verpackung, ansonsten eignen sich auch klassische Papiertragetaschen daf\u00fcr. Ihre Kunden entscheiden dann selbst, was in der T\u00fcte landet. Sie selbst k\u00f6nnen diese Spende auch mit Rabatten belohnen. So tun Sie gemeinsam etwas Gutes \u2013 mit der Unterst\u00fctzung von Papiert\u00fcten.[\/vc_column_text][\/vc_column][\/vc_row]<\/p>\n<\/div>","protected":false},"excerpt":{"rendered":"<p>Anderen eine Freude machen und etwas Gutes tun geh\u00f6rt zur Adventzeit wie Pl\u00e4tzchen essen und Gl\u00fchwein trinken. Genau der richtige Zeitpunkt also, um der Frage nachzugehen, welche Rolle die Verpackung dabei spielen kann. Wir haben f\u00fcr die Papiert\u00fcte f\u00fcnf Beispiele gesammelt.<\/p>\n","protected":false},"author":2,"featured_media":2214,"comment_status":"open","ping_status":"open","sticky":false,"template":"","format":"standard","meta":{"footnotes":""},"categories":[27],"tags":[],"m2-product-id":[],"table_tags":[],"class_list":["post-2207","post","type-post","status-publish","format-standard","has-post-thumbnail","hentry","category-inspiration-trend","category-27","description-off"],"yoast_head":"<!-- This site is optimized with the Yoast SEO plugin v26.2 - https:\/\/yoast.com\/wordpress\/plugins\/seo\/ -->\n<title>Mit Papiert\u00fcten eine Freude machen | RAUSCH-Blog<\/title>\n<meta name=\"description\" content=\"Anderen eine Freude machen und etwas Gutes tun geh\u00f6rt zur Adventzeit wie Pl\u00e4tzchen essen. Wir haben f\u00fcr die Papiert\u00fcte f\u00fcnf Beispiele gesammelt.\" \/>\n<meta name=\"robots\" content=\"index, follow, max-snippet:-1, max-image-preview:large, max-video-preview:-1\" \/>\n<link rel=\"canonical\" href=\"https:\/\/www.rausch-packaging.com\/blog\/de\/inspiration-trend\/papiertueten-fuer-den-guten-zweck\/\" \/>\n<meta property=\"og:locale\" content=\"de_DE\" \/>\n<meta property=\"og:type\" content=\"article\" \/>\n<meta property=\"og:title\" content=\"Mit Papiert\u00fcten eine Freude machen | RAUSCH-Blog\" \/>\n<meta property=\"og:description\" content=\"Anderen eine Freude machen und etwas Gutes tun geh\u00f6rt zur Adventzeit wie Pl\u00e4tzchen essen. Wir haben f\u00fcr die Papiert\u00fcte f\u00fcnf Beispiele gesammelt.\" \/>\n<meta property=\"og:url\" content=\"https:\/\/www.rausch-packaging.com\/blog\/de\/inspiration-trend\/papiertueten-fuer-den-guten-zweck\/\" \/>\n<meta property=\"og:site_name\" content=\"RAUSCH-Blog\" \/>\n<meta property=\"article:published_time\" content=\"2017-12-11T10:18:26+00:00\" \/>\n<meta property=\"article:modified_time\" content=\"2023-10-12T09:00:14+00:00\" \/>\n<meta property=\"og:image\" content=\"https:\/\/www.rausch-packaging.com\/blog\/wp-content\/uploads\/2020\/02\/bryan-dunn.jpg\" \/>\n\t<meta property=\"og:image:width\" content=\"867\" \/>\n\t<meta property=\"og:image:height\" content=\"380\" \/>\n\t<meta property=\"og:image:type\" content=\"image\/jpeg\" \/>\n<meta name=\"author\" content=\"Erich Balan\" \/>\n<meta name=\"twitter:card\" content=\"summary_large_image\" \/>\n<meta name=\"twitter:title\" content=\"Mit Papiert\u00fcten eine Freude machen | RAUSCH-Blog\" \/>\n<meta name=\"twitter:description\" content=\"Anderen eine Freude machen und etwas Gutes tun geh\u00f6rt zur Adventzeit wie Pl\u00e4tzchen essen. Wir haben f\u00fcr die Papiert\u00fcte f\u00fcnf Beispiele gesammelt.\" \/>\n<meta name=\"twitter:label1\" content=\"Verfasst von\" \/>\n\t<meta name=\"twitter:data1\" content=\"Erich Balan\" \/>\n\t<meta name=\"twitter:label2\" content=\"Gesch\u00e4tzte Lesezeit\" \/>\n\t<meta name=\"twitter:data2\" content=\"5\u00a0Minuten\" \/>\n<script type=\"application\/ld+json\" class=\"yoast-schema-graph\">{\"@context\":\"https:\/\/schema.org\",\"@graph\":[{\"@type\":\"Article\",\"@id\":\"https:\/\/www.rausch-packaging.com\/blog\/de\/inspiration-trend\/papiertueten-fuer-den-guten-zweck\/#article\",\"isPartOf\":{\"@id\":\"https:\/\/www.rausch-packaging.com\/blog\/de\/inspiration-trend\/papiertueten-fuer-den-guten-zweck\/\"},\"author\":{\"name\":\"Erich Balan\",\"@id\":\"https:\/\/www.rausch-packaging.com\/blog\/de\/#\/schema\/person\/d0c096e25f5a43bc1d27b0321ffba9a8\"},\"headline\":\"Mit Papiert\u00fcten eine Freude machen\",\"datePublished\":\"2017-12-11T10:18:26+00:00\",\"dateModified\":\"2023-10-12T09:00:14+00:00\",\"mainEntityOfPage\":{\"@id\":\"https:\/\/www.rausch-packaging.com\/blog\/de\/inspiration-trend\/papiertueten-fuer-den-guten-zweck\/\"},\"wordCount\":1278,\"commentCount\":0,\"publisher\":{\"@id\":\"https:\/\/www.rausch-packaging.com\/blog\/de\/#organization\"},\"image\":{\"@id\":\"https:\/\/www.rausch-packaging.com\/blog\/de\/inspiration-trend\/papiertueten-fuer-den-guten-zweck\/#primaryimage\"},\"thumbnailUrl\":\"https:\/\/www.rausch-packaging.com\/blog\/wp-content\/uploads\/2020\/02\/bryan-dunn.jpg\",\"articleSection\":[\"Inspiration &amp; Trend\"],\"inLanguage\":\"de\",\"potentialAction\":[{\"@type\":\"CommentAction\",\"name\":\"Comment\",\"target\":[\"https:\/\/www.rausch-packaging.com\/blog\/de\/inspiration-trend\/papiertueten-fuer-den-guten-zweck\/#respond\"]}]},{\"@type\":\"WebPage\",\"@id\":\"https:\/\/www.rausch-packaging.com\/blog\/de\/inspiration-trend\/papiertueten-fuer-den-guten-zweck\/\",\"url\":\"https:\/\/www.rausch-packaging.com\/blog\/de\/inspiration-trend\/papiertueten-fuer-den-guten-zweck\/\",\"name\":\"Mit Papiert\u00fcten eine Freude machen | RAUSCH-Blog\",\"isPartOf\":{\"@id\":\"https:\/\/www.rausch-packaging.com\/blog\/de\/#website\"},\"primaryImageOfPage\":{\"@id\":\"https:\/\/www.rausch-packaging.com\/blog\/de\/inspiration-trend\/papiertueten-fuer-den-guten-zweck\/#primaryimage\"},\"image\":{\"@id\":\"https:\/\/www.rausch-packaging.com\/blog\/de\/inspiration-trend\/papiertueten-fuer-den-guten-zweck\/#primaryimage\"},\"thumbnailUrl\":\"https:\/\/www.rausch-packaging.com\/blog\/wp-content\/uploads\/2020\/02\/bryan-dunn.jpg\",\"datePublished\":\"2017-12-11T10:18:26+00:00\",\"dateModified\":\"2023-10-12T09:00:14+00:00\",\"description\":\"Anderen eine Freude machen und etwas Gutes tun geh\u00f6rt zur Adventzeit wie Pl\u00e4tzchen essen. Wir haben f\u00fcr die Papiert\u00fcte f\u00fcnf Beispiele gesammelt.\",\"breadcrumb\":{\"@id\":\"https:\/\/www.rausch-packaging.com\/blog\/de\/inspiration-trend\/papiertueten-fuer-den-guten-zweck\/#breadcrumb\"},\"inLanguage\":\"de\",\"potentialAction\":[{\"@type\":\"ReadAction\",\"target\":[\"https:\/\/www.rausch-packaging.com\/blog\/de\/inspiration-trend\/papiertueten-fuer-den-guten-zweck\/\"]}]},{\"@type\":\"ImageObject\",\"inLanguage\":\"de\",\"@id\":\"https:\/\/www.rausch-packaging.com\/blog\/de\/inspiration-trend\/papiertueten-fuer-den-guten-zweck\/#primaryimage\",\"url\":\"https:\/\/www.rausch-packaging.com\/blog\/wp-content\/uploads\/2020\/02\/bryan-dunn.jpg\",\"contentUrl\":\"https:\/\/www.rausch-packaging.com\/blog\/wp-content\/uploads\/2020\/02\/bryan-dunn.jpg\",\"width\":867,\"height\":380,\"caption\":\"bryan-dunn Geschenkt\u00fcte\"},{\"@type\":\"BreadcrumbList\",\"@id\":\"https:\/\/www.rausch-packaging.com\/blog\/de\/inspiration-trend\/papiertueten-fuer-den-guten-zweck\/#breadcrumb\",\"itemListElement\":[{\"@type\":\"ListItem\",\"position\":1,\"name\":\"Startseite\",\"item\":\"https:\/\/www.rausch-packaging.com\/blog\/de\/\"},{\"@type\":\"ListItem\",\"position\":2,\"name\":\"Mit Papiert\u00fcten eine Freude machen\"}]},{\"@type\":\"WebSite\",\"@id\":\"https:\/\/www.rausch-packaging.com\/blog\/de\/#website\",\"url\":\"https:\/\/www.rausch-packaging.com\/blog\/de\/\",\"name\":\"RAUSCH-Blog\",\"description\":\"\",\"publisher\":{\"@id\":\"https:\/\/www.rausch-packaging.com\/blog\/de\/#organization\"},\"potentialAction\":[{\"@type\":\"SearchAction\",\"target\":{\"@type\":\"EntryPoint\",\"urlTemplate\":\"https:\/\/www.rausch-packaging.com\/blog\/de\/?s={search_term_string}\"},\"query-input\":{\"@type\":\"PropertyValueSpecification\",\"valueRequired\":true,\"valueName\":\"search_term_string\"}}],\"inLanguage\":\"de\"},{\"@type\":\"Organization\",\"@id\":\"https:\/\/www.rausch-packaging.com\/blog\/de\/#organization\",\"name\":\"Rausch Verpackung\",\"url\":\"https:\/\/www.rausch-packaging.com\/blog\/de\/\",\"logo\":{\"@type\":\"ImageObject\",\"inLanguage\":\"de\",\"@id\":\"https:\/\/www.rausch-packaging.com\/blog\/de\/#\/schema\/logo\/image\/\",\"url\":\"https:\/\/www.rausch-packaging.com\/blog\/wp-content\/uploads\/2022\/04\/rausch-logo.svg\",\"contentUrl\":\"https:\/\/www.rausch-packaging.com\/blog\/wp-content\/uploads\/2022\/04\/rausch-logo.svg\",\"width\":1,\"height\":1,\"caption\":\"Rausch Verpackung\"},\"image\":{\"@id\":\"https:\/\/www.rausch-packaging.com\/blog\/de\/#\/schema\/logo\/image\/\"}},{\"@type\":\"Person\",\"@id\":\"https:\/\/www.rausch-packaging.com\/blog\/de\/#\/schema\/person\/d0c096e25f5a43bc1d27b0321ffba9a8\",\"name\":\"Erich Balan\",\"image\":{\"@type\":\"ImageObject\",\"inLanguage\":\"de\",\"@id\":\"https:\/\/www.rausch-packaging.com\/blog\/de\/#\/schema\/person\/image\/\",\"url\":\"https:\/\/secure.gravatar.com\/avatar\/e7695502c40f0286057f0cb0ba2d4a1500be0717b94ada3d0328bda1f0ecd26d?s=96&d=mm&r=g\",\"contentUrl\":\"https:\/\/secure.gravatar.com\/avatar\/e7695502c40f0286057f0cb0ba2d4a1500be0717b94ada3d0328bda1f0ecd26d?s=96&d=mm&r=g\",\"caption\":\"Erich Balan\"}}]}<\/script>\n<!-- \/ Yoast SEO plugin. -->","yoast_head_json":{"title":"Mit Papiert\u00fcten eine Freude machen | RAUSCH-Blog","description":"Anderen eine Freude machen und etwas Gutes tun geh\u00f6rt zur Adventzeit wie Pl\u00e4tzchen essen. Wir haben f\u00fcr die Papiert\u00fcte f\u00fcnf Beispiele gesammelt.","robots":{"index":"index","follow":"follow","max-snippet":"max-snippet:-1","max-image-preview":"max-image-preview:large","max-video-preview":"max-video-preview:-1"},"canonical":"https:\/\/www.rausch-packaging.com\/blog\/de\/inspiration-trend\/papiertueten-fuer-den-guten-zweck\/","og_locale":"de_DE","og_type":"article","og_title":"Mit Papiert\u00fcten eine Freude machen | RAUSCH-Blog","og_description":"Anderen eine Freude machen und etwas Gutes tun geh\u00f6rt zur Adventzeit wie Pl\u00e4tzchen essen. Wir haben f\u00fcr die Papiert\u00fcte f\u00fcnf Beispiele gesammelt.","og_url":"https:\/\/www.rausch-packaging.com\/blog\/de\/inspiration-trend\/papiertueten-fuer-den-guten-zweck\/","og_site_name":"RAUSCH-Blog","article_published_time":"2017-12-11T10:18:26+00:00","article_modified_time":"2023-10-12T09:00:14+00:00","og_image":[{"width":867,"height":380,"url":"https:\/\/www.rausch-packaging.com\/blog\/wp-content\/uploads\/2020\/02\/bryan-dunn.jpg","type":"image\/jpeg"}],"author":"Erich Balan","twitter_card":"summary_large_image","twitter_title":"Mit Papiert\u00fcten eine Freude machen | RAUSCH-Blog","twitter_description":"Anderen eine Freude machen und etwas Gutes tun geh\u00f6rt zur Adventzeit wie Pl\u00e4tzchen essen. Wir haben f\u00fcr die Papiert\u00fcte f\u00fcnf Beispiele gesammelt.","twitter_misc":{"Verfasst von":"Erich Balan","Gesch\u00e4tzte Lesezeit":"5\u00a0Minuten"},"schema":{"@context":"https:\/\/schema.org","@graph":[{"@type":"Article","@id":"https:\/\/www.rausch-packaging.com\/blog\/de\/inspiration-trend\/papiertueten-fuer-den-guten-zweck\/#article","isPartOf":{"@id":"https:\/\/www.rausch-packaging.com\/blog\/de\/inspiration-trend\/papiertueten-fuer-den-guten-zweck\/"},"author":{"name":"Erich Balan","@id":"https:\/\/www.rausch-packaging.com\/blog\/de\/#\/schema\/person\/d0c096e25f5a43bc1d27b0321ffba9a8"},"headline":"Mit Papiert\u00fcten eine Freude machen","datePublished":"2017-12-11T10:18:26+00:00","dateModified":"2023-10-12T09:00:14+00:00","mainEntityOfPage":{"@id":"https:\/\/www.rausch-packaging.com\/blog\/de\/inspiration-trend\/papiertueten-fuer-den-guten-zweck\/"},"wordCount":1278,"commentCount":0,"publisher":{"@id":"https:\/\/www.rausch-packaging.com\/blog\/de\/#organization"},"image":{"@id":"https:\/\/www.rausch-packaging.com\/blog\/de\/inspiration-trend\/papiertueten-fuer-den-guten-zweck\/#primaryimage"},"thumbnailUrl":"https:\/\/www.rausch-packaging.com\/blog\/wp-content\/uploads\/2020\/02\/bryan-dunn.jpg","articleSection":["Inspiration &amp; Trend"],"inLanguage":"de","potentialAction":[{"@type":"CommentAction","name":"Comment","target":["https:\/\/www.rausch-packaging.com\/blog\/de\/inspiration-trend\/papiertueten-fuer-den-guten-zweck\/#respond"]}]},{"@type":"WebPage","@id":"https:\/\/www.rausch-packaging.com\/blog\/de\/inspiration-trend\/papiertueten-fuer-den-guten-zweck\/","url":"https:\/\/www.rausch-packaging.com\/blog\/de\/inspiration-trend\/papiertueten-fuer-den-guten-zweck\/","name":"Mit Papiert\u00fcten eine Freude machen | RAUSCH-Blog","isPartOf":{"@id":"https:\/\/www.rausch-packaging.com\/blog\/de\/#website"},"primaryImageOfPage":{"@id":"https:\/\/www.rausch-packaging.com\/blog\/de\/inspiration-trend\/papiertueten-fuer-den-guten-zweck\/#primaryimage"},"image":{"@id":"https:\/\/www.rausch-packaging.com\/blog\/de\/inspiration-trend\/papiertueten-fuer-den-guten-zweck\/#primaryimage"},"thumbnailUrl":"https:\/\/www.rausch-packaging.com\/blog\/wp-content\/uploads\/2020\/02\/bryan-dunn.jpg","datePublished":"2017-12-11T10:18:26+00:00","dateModified":"2023-10-12T09:00:14+00:00","description":"Anderen eine Freude machen und etwas Gutes tun geh\u00f6rt zur Adventzeit wie Pl\u00e4tzchen essen. Wir haben f\u00fcr die Papiert\u00fcte f\u00fcnf Beispiele gesammelt.","breadcrumb":{"@id":"https:\/\/www.rausch-packaging.com\/blog\/de\/inspiration-trend\/papiertueten-fuer-den-guten-zweck\/#breadcrumb"},"inLanguage":"de","potentialAction":[{"@type":"ReadAction","target":["https:\/\/www.rausch-packaging.com\/blog\/de\/inspiration-trend\/papiertueten-fuer-den-guten-zweck\/"]}]},{"@type":"ImageObject","inLanguage":"de","@id":"https:\/\/www.rausch-packaging.com\/blog\/de\/inspiration-trend\/papiertueten-fuer-den-guten-zweck\/#primaryimage","url":"https:\/\/www.rausch-packaging.com\/blog\/wp-content\/uploads\/2020\/02\/bryan-dunn.jpg","contentUrl":"https:\/\/www.rausch-packaging.com\/blog\/wp-content\/uploads\/2020\/02\/bryan-dunn.jpg","width":867,"height":380,"caption":"bryan-dunn Geschenkt\u00fcte"},{"@type":"BreadcrumbList","@id":"https:\/\/www.rausch-packaging.com\/blog\/de\/inspiration-trend\/papiertueten-fuer-den-guten-zweck\/#breadcrumb","itemListElement":[{"@type":"ListItem","position":1,"name":"Startseite","item":"https:\/\/www.rausch-packaging.com\/blog\/de\/"},{"@type":"ListItem","position":2,"name":"Mit Papiert\u00fcten eine Freude machen"}]},{"@type":"WebSite","@id":"https:\/\/www.rausch-packaging.com\/blog\/de\/#website","url":"https:\/\/www.rausch-packaging.com\/blog\/de\/","name":"RAUSCH-Blog","description":"","publisher":{"@id":"https:\/\/www.rausch-packaging.com\/blog\/de\/#organization"},"potentialAction":[{"@type":"SearchAction","target":{"@type":"EntryPoint","urlTemplate":"https:\/\/www.rausch-packaging.com\/blog\/de\/?s={search_term_string}"},"query-input":{"@type":"PropertyValueSpecification","valueRequired":true,"valueName":"search_term_string"}}],"inLanguage":"de"},{"@type":"Organization","@id":"https:\/\/www.rausch-packaging.com\/blog\/de\/#organization","name":"Rausch Verpackung","url":"https:\/\/www.rausch-packaging.com\/blog\/de\/","logo":{"@type":"ImageObject","inLanguage":"de","@id":"https:\/\/www.rausch-packaging.com\/blog\/de\/#\/schema\/logo\/image\/","url":"https:\/\/www.rausch-packaging.com\/blog\/wp-content\/uploads\/2022\/04\/rausch-logo.svg","contentUrl":"https:\/\/www.rausch-packaging.com\/blog\/wp-content\/uploads\/2022\/04\/rausch-logo.svg","width":1,"height":1,"caption":"Rausch Verpackung"},"image":{"@id":"https:\/\/www.rausch-packaging.com\/blog\/de\/#\/schema\/logo\/image\/"}},{"@type":"Person","@id":"https:\/\/www.rausch-packaging.com\/blog\/de\/#\/schema\/person\/d0c096e25f5a43bc1d27b0321ffba9a8","name":"Erich Balan","image":{"@type":"ImageObject","inLanguage":"de","@id":"https:\/\/www.rausch-packaging.com\/blog\/de\/#\/schema\/person\/image\/","url":"https:\/\/secure.gravatar.com\/avatar\/e7695502c40f0286057f0cb0ba2d4a1500be0717b94ada3d0328bda1f0ecd26d?s=96&d=mm&r=g","contentUrl":"https:\/\/secure.gravatar.com\/avatar\/e7695502c40f0286057f0cb0ba2d4a1500be0717b94ada3d0328bda1f0ecd26d?s=96&d=mm&r=g","caption":"Erich Balan"}}]}},"magento_index":false,"_links":{"self":[{"href":"https:\/\/www.rausch-packaging.com\/blog\/de\/wp-json\/wp\/v2\/posts\/2207","targetHints":{"allow":["GET"]}}],"collection":[{"href":"https:\/\/www.rausch-packaging.com\/blog\/de\/wp-json\/wp\/v2\/posts"}],"about":[{"href":"https:\/\/www.rausch-packaging.com\/blog\/de\/wp-json\/wp\/v2\/types\/post"}],"author":[{"embeddable":true,"href":"https:\/\/www.rausch-packaging.com\/blog\/de\/wp-json\/wp\/v2\/users\/2"}],"replies":[{"embeddable":true,"href":"https:\/\/www.rausch-packaging.com\/blog\/de\/wp-json\/wp\/v2\/comments?post=2207"}],"version-history":[{"count":4,"href":"https:\/\/www.rausch-packaging.com\/blog\/de\/wp-json\/wp\/v2\/posts\/2207\/revisions"}],"predecessor-version":[{"id":12973,"href":"https:\/\/www.rausch-packaging.com\/blog\/de\/wp-json\/wp\/v2\/posts\/2207\/revisions\/12973"}],"wp:featuredmedia":[{"embeddable":true,"href":"https:\/\/www.rausch-packaging.com\/blog\/de\/wp-json\/wp\/v2\/media\/2214"}],"wp:attachment":[{"href":"https:\/\/www.rausch-packaging.com\/blog\/de\/wp-json\/wp\/v2\/media?parent=2207"}],"wp:term":[{"taxonomy":"category","embeddable":true,"href":"https:\/\/www.rausch-packaging.com\/blog\/de\/wp-json\/wp\/v2\/categories?post=2207"},{"taxonomy":"post_tag","embeddable":true,"href":"https:\/\/www.rausch-packaging.com\/blog\/de\/wp-json\/wp\/v2\/tags?post=2207"},{"taxonomy":"m2-product-id","embeddable":true,"href":"https:\/\/www.rausch-packaging.com\/blog\/de\/wp-json\/wp\/v2\/m2-product-id?post=2207"},{"taxonomy":"table_tags","embeddable":true,"href":"https:\/\/www.rausch-packaging.com\/blog\/de\/wp-json\/wp\/v2\/table_tags?post=2207"}],"curies":[{"name":"wp","href":"https:\/\/api.w.org\/{rel}","templated":true}]}}