{"id":6903,"date":"2021-04-23T17:02:08","date_gmt":"2021-04-23T15:02:08","guid":{"rendered":"https:\/\/www.rausch-packaging.com\/blog\/?p=6903"},"modified":"2021-07-26T11:48:56","modified_gmt":"2021-07-26T09:48:56","slug":"verbot-einweg-kunststoff","status":"publish","type":"post","link":"https:\/\/www.rausch-packaging.com\/blog\/de\/verpackungswissen\/verbot-einweg-kunststoff\/","title":{"rendered":"Verbot von Einweg-Kunststoffprodukten  \u2013 was Sie jetzt wissen m\u00fcssen"},"content":{"rendered":"\n<h2 class=\"wp-block-heading\">Wissenswertes f\u00fcr Anbieter von Lebensmitteln in der \u00dcbersicht<\/h2>\n\n\n\n<p><strong>Die sogenannte Plastikstrategie der EU bringt auch f\u00fcr Deutschland konkrete \u00c4nderungen: Ab dem 3. Juli 2021 werden bestimmte Einweg-Verpackungen aus Kunststoff verboten und eine Kennzeichnungspflicht f\u00fcr Getr\u00e4nkebecher aus Kunststoff eingef\u00fchrt. Zum Jahreswechsel folgt au\u00dferdem das Verbot gewisser Tragetaschen aus Kunststoff. Welche Produkte konkret davon betroffen sind und alle weiteren Details zu den neuen Vorgaben, haben wir f\u00fcr Sie \u00fcbersichtlich zusammengestellt.<\/strong><\/p>\n\n\n\n<div style=\"height:25px\" aria-hidden=\"true\" class=\"wp-block-spacer\"><\/div>\n\n\n\n<hr class=\"wp-block-separator has-text-color has-background has-dark-gray-background-color has-dark-gray-color is-style-wide\"\/>\n\n\n\n<div style=\"height:15px\" aria-hidden=\"true\" class=\"wp-block-spacer\"><\/div>\n\n\n\n<h3 class=\"wp-block-heading\">Verbote &amp; Regelungen zu Kunststoffverpackungen \u2013 das Wichtigste im \u00dcberblick<\/h3>\n\n\n\n<ul class=\"wp-block-list\"><li>Ab dem 03.07.2021:<ul><li><a title=\"Mehr zum Verbot erfahren\" href=\"#verbot\">Verbot bestimmter Einweg-Kunststoffartikel<\/a><\/li><li><a title=\"Mehr zur Kennzeichnung erfahren\" href=\"#kennzeichnung\">Kennzeichnungspflicht von Einweg-Getr\u00e4nkebechern<\/a> aus oder mit Anteilen von Kunststoff<\/li><li>bei Vertreibern lagernde Restbest\u00e4nde d\u00fcrfen danach noch zeitlich unbegrenzt in Verkehr gebracht werden<\/li><\/ul><\/li><li>Ab dem 01.01.2022:<ul><li><a title=\"Mehr zum Verbot erfahren\" href=\"#tragetaschen\">Verbot bestimmter Tragetaschen aus Kunststoff<\/a><\/li><li>Tragetaschen d\u00fcrfen danach nicht mehr in Verkehr gebracht werden, auch wenn eventuell noch Restbest\u00e4nde vorhanden sind<\/li><\/ul><\/li><li>Geht zur\u00fcck auf <a title=\"Mehr zu den Richtlinien erfahren\" href=\"#richtlinien\">EU-Richtlinien<\/a><\/li><\/ul>\n\n\n\n<div style=\"height:15px\" aria-hidden=\"true\" class=\"wp-block-spacer\"><\/div>\n\n\n\n<hr class=\"wp-block-separator has-text-color has-background has-dark-gray-background-color has-dark-gray-color is-style-wide\"\/>\n\n\n\n\n            <div class=\"message_box_wrapper\">\n                <div>\n                    <img decoding=\"async\" class=\"alignleft wp-image-4005 message_box_icon\" title=\"RAUSCH-Tipp\" src=\"https:\/\/www.rausch-packaging.com\/blog\/wp-content\/themes\/dt-the7-child\/img\/icons\/rausch-tipp.png\" alt=\"RAUSCH-Tipp\" height=\"79\">\n                <\/div>\n                <div class=\"message_box_content\">\n                    <p><\/p><figure class=\"alignright size-large is-resized\"><img decoding=\"async\" src=\"\/blog\/wp-content\/uploads\/2021\/07\/Whitepaper_Tablet_DE.png\" alt=\"whitepaper tablet\" class=\"wp-image-7795\" width=\"275\"><\/figure> <strong>Das Einweg-Kunststoffverbot \u2013 Gratis-Ratgeber zum Download<\/strong><br><p>&nbsp;<\/p><p>Zum 3. Juli 2021 tritt das Einweg-Kunststoffverbot in Kraft. In unserem Gratis-Ratgeber [PDF] zeigen wir Ihnen alle wichtigen Informationen auf einen Blick und beantworten Ihnen unter anderem die folgenden Fragen:<\/p>\n<ul>\n<li>Was gilt ab dem 3. Juli 2021 und was bedeutet es f\u00fcr mein Gesch\u00e4ft?<\/li>\n<li>Welche Artikel werden genau verboten?<\/li>\n<li>Welche Alternativen gibt es daf\u00fcr?<\/li>\n<li>Warum kommen diese Richtlinien zu Einweg-Kunststoffprodukten?<\/li>\n<\/ul>\n<p>&nbsp;<\/p>\n<p>Au\u00dferdem m\u00fcssen Einweg-Getr\u00e4nkebecher aus oder mit Anteilen an Kunststoff nun eine Kennzeichnung tragen. Wir zeigen Ihnen, wie diese aussehen muss und was das f\u00fcr Sie bedeutet.<\/p><p><\/p><br>                <\/div>\n                <p class=\"message_box_caption\">\n                                            <a class=\"message_box_button\" title=\"Jetzt Gratis-Ratgeber anfordern\" href=\"https:\/\/www.rausch-packaging.com\/blog\/de\/ratgeber-verbot-einweg-kunststoffverpackungen\/\" target=\"_self\">Jetzt Gratis-Ratgeber anfordern<\/a>\n                                    <\/p>\n            <\/div>\n        \n\n\n\n<div style=\"height:25px\" aria-hidden=\"true\" class=\"wp-block-spacer\"><\/div>\n\n\n\n<h3 class=\"wp-block-heading\"><a id=\"richtlinien\"><\/a>Warum kommen die Richtlinien und Verbote zu Einweg-Kunststoffprodukten?<\/h3>\n\n\n\n<p>Die Regelungen gehen zum einen auf die Einwegkunststoff-Richtlinie der EU zur\u00fcck, auch unter dem englischen Namen \u00abSingle-Use Plastics Directive\u00bb \/ \u00abSUP directive\u00bb bekannt. Sie trat 2019 in Kraft und sieht verschiedene Ma\u00dfnahmen vor, die stufenweise in nationales Recht der EU-L\u00e4nder umgesetzt werden m\u00fcssen \u2013 das Verbot bestimmter Produkte bzw. die Kennzeichnungspflicht beispielsweise bis zum 3. Juli 2021. Rechtlich bindend sind aber die Vorgaben des jeweiligen Landes.<\/p>\n\n\n\n<p>Die EU-Richtlinie hat die \u00abVerringerung der Auswirkungen bestimmter Kunststoffprodukte auf die Umwelt\u00bb zum Ziel, das hei\u00dft Mengen zu reduzieren und die unsachgem\u00e4\u00dfe Entsorgung in der Natur zu vermeiden. Daf\u00fcr sieht sie mehrere M\u00f6glichkeiten vor: Verbote bestimmter Artikel aus Kunststoff, Kennzeichnung von Ware, die aus Kunststoff besteht bzw. diesen enth\u00e4lt, um so zu sensibilisieren, oder auch die F\u00f6rderung von Kunststoffrecycling und Mehrwegverpackungen.<\/p>\n\n\n\n<p>Welche Produkte von den neuen Richtlinien betroffen sind, wurde anhand von M\u00fcllz\u00e4hlungen an europ\u00e4ischen Str\u00e4nden festgelegt. Abgesehen von Lebensmittelverpackungen, zu denen wir Sie hier informieren, werden etwa auch Wattest\u00e4bchen oder Haltest\u00e4be f\u00fcr Luftballons verboten sowie eine Kennzeichnungspflicht f\u00fcr beispielsweise Hygieneartikel eingef\u00fchrt.<\/p>\n\n\n\n<p>Das Verbot <a title=\"Mehr zum Verbot erfahren\" href=\"#tragetaschen\">bestimmter Tragetaschen<\/a> aus Kunststoff geht hingegen auf eine andere Richtlinie der EU zur\u00fcck. Sie forderte 2015, dass der Verbrauch von leichten Einweg-Kunststofftragetaschen reduziert wird. Deutschland geht hier nun einen Schritt weiter und verbietet diese ganz. Daf\u00fcr wird das <a title=\"Mehr zum Verpackungsgesetz erfahren\" href=\"https:\/\/www.rausch-packaging.com\/de\/verpackungsgesetz\" target=\"_blank\" rel=\"noreferrer noopener\">Verpackungsgesetz<\/a>, das seit 2019 gilt, nun zum ersten Mal ge\u00e4ndert und um dieses Verbot erweitert.<\/p>\n\n\n\n<div style=\"height:25px\" aria-hidden=\"true\" class=\"wp-block-spacer\"><\/div>\n\n\n\n<h3 class=\"wp-block-heading\"><a id=\"verbot\"><\/a>Verbot bestimmter Einweg-Lebensmittelverpackungen aus Kunststoff<\/h3>\n\n\n\n<div style=\"height:25px\" aria-hidden=\"true\" class=\"wp-block-spacer\"><\/div>\n\n\n\n<hr class=\"wp-block-separator is-style-wide\"\/>\n\n\n\n<div style=\"height:15px\" aria-hidden=\"true\" class=\"wp-block-spacer\"><\/div>\n\n\n\n<p><em>Kurz zusammengefasst<\/em><\/p>\n\n\n\n<ul class=\"wp-block-list\"><li>Verbot betrifft folgende Einweg-Artikel aus konventionellem und biobasiertem Kunststoff:<ul><li>Teller (auch beschichtete Pappteller)<\/li><li>Einwegbesteck inkl. R\u00fchrst\u00e4bchen<\/li><li>Lebensmittelbeh\u00e4lter aus EPS (Beh\u00e4lter aus XPS bleiben erlaubt)<\/li><\/ul><\/li><li>gilt f\u00fcr Hersteller\/Produzenten ab dem 3. Juli 2021<\/li><li>Restbest\u00e4nde d\u00fcrfen von Ihnen als Abgeber verpackter Lebensmittel danach noch zeitlich unbegrenzt in Verkehr gebracht werden \u2013 auch Verpackungsanbieter wie wir d\u00fcrfen lagernde Ware weiterverkaufen<\/li><\/ul>\n\n\n\n<div style=\"height:15px\" aria-hidden=\"true\" class=\"wp-block-spacer\"><\/div>\n\n\n\n<hr class=\"wp-block-separator is-style-wide\"\/>\n\n\n\n<div style=\"height:25px\" aria-hidden=\"true\" class=\"wp-block-spacer\"><\/div>\n\n\n\n<p>Mit dem Verbot gewisser Einwegartikel aus Kunststoff, die offiziell die Einwegkunststoffverbotsverordnung regelt, sollen vor allem die Produkte vom Markt genommen werden, die h\u00e4ufig im Meer landen (<a title=\"Mehr zu den Richtlinien erfahren\" href=\"#richtlinien\">siehe oben<\/a>) und f\u00fcr die es bereits <a title=\"Nachhaltige Verpackungen entdecken\" href=\"https:\/\/www.rausch-packaging.com\/de\/themen-shops\/nachhaltige-verpackungen\/bio-einweggeschirr.html\" target=\"_blank\" rel=\"noreferrer noopener\">nachhaltige Alternativen<\/a> gibt. Ob sie aus herk\u00f6mmlichem Kunststoff oder einem Bio-Kunststoff wie PLA gefertigt sind, spielt dabei keine Rolle.<\/p>\n\n\n\n<p>Konkret bedeutet dies, dass ab dem 3. Juli 2021 folgende Einweg-Lebensmittelverpackungen aus Kunststoff bzw. mit einem Anteil davon nicht mehr f\u00fcr den europ\u00e4ischen Markt produziert werden:<\/p>\n\n\n\n<div class=\"wp-block-columns is-layout-flex wp-container-core-columns-is-layout-9d6595d7 wp-block-columns-is-layout-flex\">\n<div class=\"wp-block-column is-layout-flow wp-block-column-is-layout-flow\" style=\"flex-basis:30%\">\n<div class=\"wp-block-image\"><figure class=\"aligncenter size-large\"><img decoding=\"async\" width=\"500\" height=\"333\" src=\"https:\/\/www.rausch-packaging.com\/blog\/wp-content\/uploads\/2021\/04\/sup-ps-teller.jpg\" alt=\"Einweg-Teller aus PP\" class=\"wp-image-6923\" srcset=\"https:\/\/www.rausch-packaging.com\/blog\/wp-content\/uploads\/2021\/04\/sup-ps-teller.jpg 500w, https:\/\/www.rausch-packaging.com\/blog\/wp-content\/uploads\/2021\/04\/sup-ps-teller-300x200.jpg 300w\" sizes=\"(max-width: 500px) 100vw, 500px\" \/><\/figure><\/div>\n<\/div>\n\n\n\n<div class=\"wp-block-column is-layout-flow wp-block-column-is-layout-flow\">\n<ul class=\"wp-block-list\"><li>Einweg-Teller, ob zu 100 % aus Kunststoff oder aus Pappe mit einer Kunststoff-Beschichtung<\/li><\/ul>\n<\/div>\n<\/div>\n\n\n\n<div class=\"wp-block-columns is-layout-flex wp-container-core-columns-is-layout-9d6595d7 wp-block-columns-is-layout-flex\">\n<div class=\"wp-block-column is-layout-flow wp-block-column-is-layout-flow\" style=\"flex-basis:30%\">\n<div class=\"wp-block-image\"><figure class=\"aligncenter size-large\"><img decoding=\"async\" width=\"500\" height=\"333\" src=\"https:\/\/www.rausch-packaging.com\/blog\/wp-content\/uploads\/2021\/04\/sup-besteck.jpg\" alt=\"Einweg-Besteck aus PS\" class=\"wp-image-6917\" srcset=\"https:\/\/www.rausch-packaging.com\/blog\/wp-content\/uploads\/2021\/04\/sup-besteck.jpg 500w, https:\/\/www.rausch-packaging.com\/blog\/wp-content\/uploads\/2021\/04\/sup-besteck-300x200.jpg 300w\" sizes=\"(max-width: 500px) 100vw, 500px\" \/><\/figure><\/div>\n<\/div>\n\n\n\n<div class=\"wp-block-column is-layout-flow wp-block-column-is-layout-flow\">\n<ul class=\"wp-block-list\"><li>Einweg-Besteck<\/li><\/ul>\n<\/div>\n<\/div>\n\n\n\n<div class=\"wp-block-columns is-layout-flex wp-container-core-columns-is-layout-9d6595d7 wp-block-columns-is-layout-flex\">\n<div class=\"wp-block-column is-layout-flow wp-block-column-is-layout-flow\" style=\"flex-basis:30%\">\n<div class=\"wp-block-image\"><figure class=\"aligncenter size-large\"><img decoding=\"async\" width=\"500\" height=\"333\" src=\"https:\/\/www.rausch-packaging.com\/blog\/wp-content\/uploads\/2021\/04\/sup-ruehrstaebchen.jpg\" alt=\"R\u00fchrst\u00e4bchen aus PS\" class=\"wp-image-6926\" srcset=\"https:\/\/www.rausch-packaging.com\/blog\/wp-content\/uploads\/2021\/04\/sup-ruehrstaebchen.jpg 500w, https:\/\/www.rausch-packaging.com\/blog\/wp-content\/uploads\/2021\/04\/sup-ruehrstaebchen-300x200.jpg 300w\" sizes=\"(max-width: 500px) 100vw, 500px\" \/><\/figure><\/div>\n<\/div>\n\n\n\n<div class=\"wp-block-column is-layout-flow wp-block-column-is-layout-flow\">\n<ul class=\"wp-block-list\"><li>R\u00fchrst\u00e4bchen<\/li><\/ul>\n<\/div>\n<\/div>\n\n\n\n<div class=\"wp-block-columns is-layout-flex wp-container-core-columns-is-layout-9d6595d7 wp-block-columns-is-layout-flex\">\n<div class=\"wp-block-column is-layout-flow wp-block-column-is-layout-flow\" style=\"flex-basis:30%\">\n<div class=\"wp-block-image\"><figure class=\"aligncenter size-large\"><img decoding=\"async\" width=\"500\" height=\"333\" src=\"https:\/\/www.rausch-packaging.com\/blog\/wp-content\/uploads\/2021\/04\/sup-trinkhalme.jpg\" alt=\"Trinkhalm aus PP und PLA\" class=\"wp-image-6932\" srcset=\"https:\/\/www.rausch-packaging.com\/blog\/wp-content\/uploads\/2021\/04\/sup-trinkhalme.jpg 500w, https:\/\/www.rausch-packaging.com\/blog\/wp-content\/uploads\/2021\/04\/sup-trinkhalme-300x200.jpg 300w\" sizes=\"(max-width: 500px) 100vw, 500px\" \/><\/figure><\/div>\n<\/div>\n\n\n\n<div class=\"wp-block-column is-layout-flow wp-block-column-is-layout-flow\">\n<ul class=\"wp-block-list\"><li>Trinkhalme<\/li><\/ul>\n<\/div>\n<\/div>\n\n\n\n<div class=\"wp-block-columns is-layout-flex wp-container-core-columns-is-layout-9d6595d7 wp-block-columns-is-layout-flex\">\n<div class=\"wp-block-column is-layout-flow wp-block-column-is-layout-flow\" style=\"flex-basis:30%\">\n<figure class=\"wp-block-image size-large\"><img decoding=\"async\" width=\"500\" height=\"333\" src=\"https:\/\/www.rausch-packaging.com\/blog\/wp-content\/uploads\/2021\/04\/sup-eps-geschirr.jpg\" alt=\"Becher und Schalen aus EPS\" class=\"wp-image-6920\" srcset=\"https:\/\/www.rausch-packaging.com\/blog\/wp-content\/uploads\/2021\/04\/sup-eps-geschirr.jpg 500w, https:\/\/www.rausch-packaging.com\/blog\/wp-content\/uploads\/2021\/04\/sup-eps-geschirr-300x200.jpg 300w\" sizes=\"(max-width: 500px) 100vw, 500px\" \/><\/figure>\n<\/div>\n\n\n\n<div class=\"wp-block-column is-layout-flow wp-block-column-is-layout-flow\">\n<ul class=\"wp-block-list\"><li>Lebensmittelbeh\u00e4lter aus EPS wie etwa Boxen oder Schalen, wenn sie<ul><li>zum Verzehr der bereits zubereiteten Speisen vor Ort dienen<\/li><li>als To-Go-Verpackung genutzt werden<\/li><li>nicht zur weiteren Zubereitung der Speise \u2013 wie Kochen oder Erhitzen \u2013 dienen<\/li><\/ul><\/li><\/ul>\n<\/div>\n<\/div>\n\n\n\n            <div class=\"message_box_wrapper\">\n                <div>\n                    <img decoding=\"async\" class=\"alignleft wp-image-4005 message_box_icon\" title=\"RAUSCH-Tipp\" src=\"https:\/\/www.rausch-packaging.com\/blog\/wp-content\/themes\/dt-the7-child\/img\/icons\/rausch-tipp.png\" alt=\"RAUSCH-Tipp\" height=\"79\">\n                <\/div>\n                <div class=\"message_box_content\">\n                    <\/p>\n<p>Sie haben derzeit Verpackungen aus gesch\u00e4umtem PS im Einsatz? Achten Sie darauf, ob diese wirklich aus EPS hergestellt sind oder doch aus XPS. Im zweiten Fall fallen diese nicht unter das Verbot und werden weiter produziert.<\/p>\n<p>Verpackungen aus XPS erkennen Sie an ihrer glatten Oberfl\u00e4che, denn bei der Herstellung wird das PS-Granulat mit Treibmitteln aufgesch\u00e4umt. Bei EPS sind hingegen kleine K\u00fcgelchen im Material zu sehen, denn hier wird das Granulat mit Treibmitteln und Wasserdampf aufgesch\u00e4umt.<\/p>\n<\/p>\n<figure class=\"alignleft size-large is-resized\"><img decoding=\"async\" src=\"https:\/\/www.rausch-packaging.com\/blog\/wp-content\/uploads\/2021\/04\/eps-lupenansicht.png\" alt=\"Detailansicht EPS\" class=\"wp-image-6942\" width=\"150\" height=\"150\" srcset=\"https:\/\/www.rausch-packaging.com\/blog\/wp-content\/uploads\/2021\/04\/eps-lupenansicht.png 300w, https:\/\/www.rausch-packaging.com\/blog\/wp-content\/uploads\/2021\/04\/eps-lupenansicht-150x150.png 150w\" sizes=\"(max-width: 150px) 100vw, 150px\" \/><figcaption>EPS<\/figcaption><\/figure>\n<figure class=\"alignleft size-large is-resized\"><img decoding=\"async\" src=\"https:\/\/www.rausch-packaging.com\/blog\/wp-content\/uploads\/2021\/04\/xps-lupenansicht.png\" alt=\"Detailansicht XPS\" class=\"wp-image-6935\" width=\"150\" height=\"150\" srcset=\"https:\/\/www.rausch-packaging.com\/blog\/wp-content\/uploads\/2021\/04\/xps-lupenansicht.png 300w, https:\/\/www.rausch-packaging.com\/blog\/wp-content\/uploads\/2021\/04\/xps-lupenansicht-150x150.png 150w\" sizes=\"(max-width: 150px) 100vw, 150px\" \/><figcaption>XPS<\/figcaption><\/figure>\n<\/p>\n<p>                <\/div>\n                <p class=\"message_box_caption\">\n                                    <\/p>\n            <\/div>\n        \n\n\n\n<p>Auch der Import dieser Artikel aus Nicht-EU-L\u00e4ndern ist ab Juli 2021 verboten. Sie k\u00f6nnen jedoch ohne eine zeitliche Begrenzung Ihre restlichen Best\u00e4nde an diesen Verpackungen weiter aufbrauchen und diese z. B. bei RAUSCH weiter beziehen, sofern dort noch Ware auf Lager ist.<\/p>\n\n\n\n<p>\u00dcbrigens: Welche Produkte Sie alternativ f\u00fcr die aufgef\u00fchrten Lebensmittelverpackungen einsetzen k\u00f6nnen, haben wir Ihnen ausf\u00fchrlich in unserem Ratgeber <a title=\"Zum Ratgeber: Verbot von Einweg-Kunststoffprodukten \u2013 das sind Ihre Alternativen\" href=\"https:\/\/www.rausch-packaging.com\/blog\/de\/verpackungswissen\/kunststoff-verbot-alternativen\/\" target=\"_blank\" rel=\"noreferrer noopener\">\u00abVerbot von Einweg-Kunststoffprodukten \u2013 das sind Ihre Alternativen\u00bb<\/a> zusammengestellt.<\/p>\n\n\n\n<div style=\"height:25px\" aria-hidden=\"true\" class=\"wp-block-spacer\"><\/div>\n\n\n\n<h3 class=\"wp-block-heading\"><a id=\"kennzeichnung\"><\/a>Kennzeichnungspflicht von Einweg-Getr\u00e4nkebechern<\/h3>\n\n\n\n<div style=\"height:25px\" aria-hidden=\"true\" class=\"wp-block-spacer\"><\/div>\n\n\n\n<hr class=\"wp-block-separator is-style-wide\"\/>\n\n\n\n<div style=\"height:15px\" aria-hidden=\"true\" class=\"wp-block-spacer\"><\/div>\n\n\n\n<p><em>Kurz zusammengefasst<\/em><\/p>\n\n\n\n<ul class=\"wp-block-list\"><li>Kennzeichnungspflicht betrifft Einweg-Getr\u00e4nkebecher aus konventionellem und biobasiertem Kunststoff \u2013 ob zu 100 % daraus gefertigt oder nur mit einer Beschichtung<\/li><li>Gr\u00f6\u00dfe und Farbe der Kennzeichnung ist genau vorgegeben<\/li><li>gilt f\u00fcr Hersteller\/Produzenten ab dem 3. Juli 2021<\/li><li>Restbest\u00e4nde d\u00fcrfen von Ihnen als Abgeber verpackter Lebensmittel noch zeitlich unbegrenzt in Verkehr gebracht werden \u2013 auch Verpackungsanbieter wie wir d\u00fcrfen lagernde Ware weiterverkaufen<\/li><li>Produzenten k\u00f6nnen ab dem 3. Juli 2021 f\u00fcr ein Jahr auch einen Aufkleber auf ungekennzeichnete Ware anbringen, ehe sie diese an die Abnehmer liefern<\/li><\/ul>\n\n\n\n<div style=\"height:15px\" aria-hidden=\"true\" class=\"wp-block-spacer\"><\/div>\n\n\n\n<hr class=\"wp-block-separator has-text-color has-background has-dark-gray-background-color has-dark-gray-color is-style-wide\"\/>\n\n\n\n<div style=\"height:25px\" aria-hidden=\"true\" class=\"wp-block-spacer\"><\/div>\n\n\n\n<p>Mit der Kennzeichnungspflicht von Einweg-Getr\u00e4nkebechern, die die Einwegkunststoffkennzeichnungsverordnung regelt, sollen Verbraucher darauf aufmerksam gemacht werden, dass die Verpackung aus Kunststoff besteht bzw. Kunststoff darin enthalten ist, und diese dementsprechend entsorgen, um Folgen f\u00fcr die Umwelt zu vermeiden.<\/p>\n\n\n\n<p>So verdeutlichen der Text, der nach aktuellem Stand in der Landessprache sein muss, und die Abbildung das vorliegende Material und die Konsequenzen seiner unsachgem\u00e4\u00dfen Entsorgung. Die Produkte werden im Gegensatz zu den oben genannten Kunststoffartikeln nicht verboten, weil es derzeit keine sinnvolleren \u00f6kologischen Alternativen daf\u00fcr gibt.<\/p>\n\n\n\n<p>Wichtig zu wissen ist, dass die Kennzeichnung bei Lebensmittelverpackungen tats\u00e4chlich nur Einweg-Getr\u00e4nkebecher betrifft. Andere Becher, etwa f\u00fcr Feinkost, sind nicht davon betroffen, ebenso wenig wie Deckel solcher Beh\u00e4lter.<\/p>\n\n\n\n<div class=\"wp-block-columns is-layout-flex wp-container-core-columns-is-layout-9d6595d7 wp-block-columns-is-layout-flex\">\n<div class=\"wp-block-column is-layout-flow wp-block-column-is-layout-flow\">\n<figure class=\"wp-block-image size-large\"><img decoding=\"async\" width=\"282\" height=\"360\" src=\"https:\/\/www.rausch-packaging.com\/blog\/wp-content\/uploads\/2021\/04\/kennzeichnung-becher-anteil-kunststoff.jpg\" alt=\"Kennzeichnungspflicht Einweg-Getr\u00e4nkebecher aus Kunststoff\" class=\"wp-image-7281\" srcset=\"https:\/\/www.rausch-packaging.com\/blog\/wp-content\/uploads\/2021\/04\/kennzeichnung-becher-anteil-kunststoff.jpg 282w, https:\/\/www.rausch-packaging.com\/blog\/wp-content\/uploads\/2021\/04\/kennzeichnung-becher-anteil-kunststoff-235x300.jpg 235w\" sizes=\"(max-width: 282px) 100vw, 282px\" \/><\/figure>\n<\/div>\n\n\n\n<div class=\"wp-block-column is-layout-flow wp-block-column-is-layout-flow\">\n<figure class=\"wp-block-image size-large\"><img decoding=\"async\" width=\"282\" height=\"360\" src=\"https:\/\/www.rausch-packaging.com\/blog\/wp-content\/uploads\/2021\/04\/kennzeichnung-becher-kunststoff.jpg\" alt=\"Kennzeichnungspflicht Einweg-Getr\u00e4nkebecher mit Kunststoff-Anteil\" class=\"wp-image-7284\" srcset=\"https:\/\/www.rausch-packaging.com\/blog\/wp-content\/uploads\/2021\/04\/kennzeichnung-becher-kunststoff.jpg 282w, https:\/\/www.rausch-packaging.com\/blog\/wp-content\/uploads\/2021\/04\/kennzeichnung-becher-kunststoff-235x300.jpg 235w\" sizes=\"(max-width: 282px) 100vw, 282px\" \/><\/figure>\n<\/div>\n<\/div>\n\n\n\n<p>F\u00fcr die Einweg-Getr\u00e4nkebecher gibt es zwei unterschiedliche Kennzeichnungen, je nachdem, ob das Produkt zu 100 % aus Kunststoff besteht oder nur teilweise \u2013 unabh\u00e4ngig wie gro\u00df dieser Anteil ist. W\u00e4hrend die erste Variante f\u00fcr hundertprozentige Kunststoffartikel als schwarzer Druck oder als Pr\u00e4gung an der Verpackung angebracht sein kann, sieht die zweite Variante einen dreifarbigen Druck vor. Die Positionierung des Piktogramms ist ebenfalls geregelt: Es darf nur an den Becherw\u00e4nden und somit sichtbar f\u00fcr den Verbraucher platziert sein, nicht am Boden.<\/p>\n\n\n\n<p>Wie schon bei den verbotenen Produkten gilt auch hier: Alles, was entweder bei Ihnen oder Ihrem Verpackungsanbieter wie RAUSCH bis zum 3. Juli 2021 an Lager ist, kann weiterverwendet und zeitlich unbegrenzt in Verkehr gebracht werden. Produktionsst\u00e4tten d\u00fcrfen aber nach dem 3. Juli 2021 keine ungekennzeichnete Ware mehr ausliefern \u2013 oder versehen diese alternativ f\u00fcr eine einj\u00e4hrige \u00dcbergangsfrist mit einem Aufkleber mit der entsprechenden Grafik. So wird vermieden, dass unbenutzte Ware vernichtet werden muss.<\/p>\n\n\n\n            <div class=\"message_box_wrapper\">\n                <div>\n                    <img decoding=\"async\" class=\"alignleft wp-image-4005 message_box_icon\" title=\"RAUSCH-Tipp\" src=\"https:\/\/www.rausch-packaging.com\/blog\/wp-content\/themes\/dt-the7-child\/img\/icons\/rausch-tipp.png\" alt=\"RAUSCH-Tipp\" height=\"79\">\n                <\/div>\n                <div class=\"message_box_content\">\n                    <\/p>\n<p>Sie haben <a title=\"Zu den individuell bedruckten Getr\u00e4nkebechern\" href=\"https:\/\/www.rausch-packaging.com\/de\/pappbecher-beducken.html\" target=\"_blank\" rel=\"noopener\">individuell bedruckte Getr\u00e4nkebecher<\/a> im Einsatz? Wie erw\u00e4hnt d\u00fcrfen Sie die restlichen Best\u00e4nde zeitlich unbegrenzt noch in Verkehr bringen. Auch neue Ware, die Sie bestellt haben und noch bis zum 3. Juli 2021 bei Ihnen oder uns eintrifft, k\u00f6nnen Sie weiterverwenden (\u00fcber aktuelle Lieferfristen informieren Sie unsere Fachberater gerne). Danach m\u00fcssen auch bei bestehenden Designs neue Druckvorlagen erstellt werden, um die Kennzeichnung abdrucken zu k\u00f6nnen.<\/p>\n<p>                <\/div>\n                <p class=\"message_box_caption\">\n                                    <\/p>\n            <\/div>\n        \n\n\n\n<div style=\"height:25px\" aria-hidden=\"true\" class=\"wp-block-spacer\"><\/div>\n\n\n\n<h3 class=\"wp-block-heading\"><a id=\"tragetaschen\"><\/a>Verbot von Tragetaschen aus Kunststoff<\/h3>\n\n\n\n<div style=\"height:25px\" aria-hidden=\"true\" class=\"wp-block-spacer\"><\/div>\n\n\n\n<hr class=\"wp-block-separator has-text-color has-background has-dark-gray-background-color has-dark-gray-color is-style-wide\"\/>\n\n\n\n<div style=\"height:15px\" aria-hidden=\"true\" class=\"wp-block-spacer\"><\/div>\n\n\n\n<p><em>Kurz zusammengefasst<\/em><\/p>\n\n\n\n<ul class=\"wp-block-list\"><li>Verbot von folgenden Tragetaschen aus konventionellem oder biobasiertem Kunststoff<ul><li>verboten bei einer St\u00e4rke zwischen 15 und 49 \u00b5m \u2013 ob mit oder ohne Henkel<\/li><li>bei einer St\u00e4rke bis 14 \u00b5m nur weiter erlaubt aus hygienischen Gr\u00fcnden oder zur Vermeidung von Lebensmittelverschwendung<\/li><li>verboten, wenn Taschen in der Verkaufsstelle bef\u00fcllt werden \u2013 zum Vorverpacken weiter erlaubt<\/li><\/ul><\/li><li>gilt ab dem 1. Januar 2022 \u2013 auch Restbest\u00e4nde d\u00fcrfen nicht mehr in Verkehr gebracht werden<\/li><\/ul>\n\n\n\n<div style=\"height:15px\" aria-hidden=\"true\" class=\"wp-block-spacer\"><\/div>\n\n\n\n<hr class=\"wp-block-separator has-text-color has-background has-dark-gray-background-color has-dark-gray-color is-style-wide\"\/>\n\n\n\n<div style=\"height:25px\" aria-hidden=\"true\" class=\"wp-block-spacer\"><\/div>\n\n\n\n<div class=\"wp-block-image\"><figure class=\"alignright size-large is-resized\"><img decoding=\"async\" src=\"https:\/\/www.rausch-packaging.com\/blog\/wp-content\/uploads\/2021\/04\/sup-tragetaschen.jpg\" alt=\"Kunststoff-Tragetaschen\" class=\"wp-image-6929\" width=\"375\" height=\"250\" srcset=\"https:\/\/www.rausch-packaging.com\/blog\/wp-content\/uploads\/2021\/04\/sup-tragetaschen.jpg 500w, https:\/\/www.rausch-packaging.com\/blog\/wp-content\/uploads\/2021\/04\/sup-tragetaschen-300x200.jpg 300w\" sizes=\"(max-width: 375px) 100vw, 375px\" \/><\/figure><\/div>\n\n\n\n<p>Mit der ersten \u00c4nderung des Verpackungsgesetzes, das seit 1. Januar 2019 gilt, werden bestimmte Tragetaschen aus Kunststoff verboten. Ob diese aus herk\u00f6mmlichen Kunststoff oder nachwachsenden Rohstoffen gefertigt sind, spielt dabei keine Rolle. Betroffen sind T\u00fcten \u2013 ob mit oder ohne Henkel \u2013 von einer St\u00e4rke zwischen 15 und 49 \u00b5m. Das hei\u00dft Taschen mit einer dickeren St\u00e4rke k\u00f6nnen Sie weiterverwenden.<\/p>\n\n\n\n<p>Ausgenommen vom Verbot sind nur Tragetaschen, die zum Vorverpacken dienen. Werden diese hingegen vor Ort in der Verkaufsstelle mit der Ware bef\u00fcllt, fallen sie unter das Verbot. Zudem d\u00fcrfen Taschen mit einer St\u00e4rke bis 14 \u00b5m nur weiterverwendet werden, wenn hygienische Gr\u00fcnde daf\u00fcrsprechen oder damit Lebensmittelverschwendung vorgebeugt wird.<\/p>\n\n\n\n<p>Die \u00c4nderung des Gesetzes gilt ab dem 1. Januar 2022. Ab diesem Zeitpunkt d\u00fcrfen \u2013 im Gegensatz zum oben geschilderten Verbot der Kunststoffartikel bzw. der Kennzeichnungspflicht \u2013 keine der erw\u00e4hnten Tragetaschen mehr in Verkehr gebracht werden. Das bedeutet, dass Sie auch eventuelle Restbest\u00e4nde nach dem Jahreswechsel nicht mehr aufbrauchen d\u00fcrfen.<\/p>\n\n\n\n            <div class=\"message_box_wrapper\">\n                <div>\n                    <img decoding=\"async\" class=\"alignleft wp-image-4005 message_box_icon\" title=\"RAUSCH-Tipp\" src=\"https:\/\/www.rausch-packaging.com\/blog\/wp-content\/themes\/dt-the7-child\/img\/icons\/rausch-tipp.png\" alt=\"RAUSCH-Tipp\" height=\"79\">\n                <\/div>\n                <div class=\"message_box_content\">\n                    <\/p>\n<p>Bei RAUSCH finden Sie alternativ zahlreiche <a title=\"Zu den Papierbeuteln\" href=\"https:\/\/www.rausch-packaging.com\/de\/alle-produkte\/beutel\/brottueten-papierbeutel.html\" target=\"_blank\" rel=\"noreferrer noopener\">Beutel<\/a> oder <a title=\"Zu den Tragetaschen aus Papier\" href=\"https:\/\/www.rausch-packaging.com\/de\/alle-produkte\/tragetaschen\/papiertragetaschen.html\" target=\"_blank\" rel=\"noreferrer noopener\">Tragetaschen aus Papier<\/a> sowie <a title=\"Zu den Mehrweg-Tragetaschen\" href=\"https:\/\/www.rausch-packaging.com\/de\/alle-produkte\/tragetaschen\/mehrwegtaschen.html\" target=\"_blank\" rel=\"noreferrer noopener\">Mehrweg-Tragetaschen<\/a> im Sortiment.<\/p>\n<p>                <\/div>\n                <p class=\"message_box_caption\">\n                                    <\/p>\n            <\/div>\n        \n\n\n\n<div style=\"height:30px\" aria-hidden=\"true\" class=\"wp-block-spacer\"><\/div>\n\n\n\n<p><em>Sie haben noch Fragen zu der ge\u00e4nderten Gesetzeslage ? Die RAUSCH-Spezialisten sind gerne f\u00fcr Sie da. Kontaktieren Sie uns per E-Mail an info@rausch-packaging.de oder telefonisch unter 0821 796 03 60. Wir sind stets \u00fcber aktuelle Entwicklungen informiert und beantworten gerne Ihre Fragen.<\/em><\/p>\n","protected":false},"excerpt":{"rendered":"<p>Ab dem 03.07.21 werden bestimmte Einweg-Verpackungen aus Kunststoff verboten und Getr\u00e4nkebecher gekennzeichnet. Was das f\u00fcr Sie bedeutet.<\/p>\n","protected":false},"author":3,"featured_media":7260,"comment_status":"open","ping_status":"open","sticky":false,"template":"","format":"standard","meta":{"footnotes":""},"categories":[26,24],"tags":[245,246,80],"m2-product-id":[],"table_tags":[],"class_list":["post-6903","post","type-post","status-publish","format-standard","has-post-thumbnail","hentry","category-nachhaltigkeit","category-verpackungswissen","tag-gesetz","tag-kunststoff","tag-nachhaltigkeit","category-26","category-24","description-off"],"yoast_head":"<!-- This site is optimized with the Yoast SEO plugin v26.4 - https:\/\/yoast.com\/wordpress\/plugins\/seo\/ -->\n<title>Verbot von Einweg-Kunststoffprodukten \u2013 was Sie jetzt wissen m\u00fcssen<\/title>\n<meta name=\"description\" content=\"Ab dem 3.07.21 werden bestimmte Einweg-Verpackungen aus Kunststoff verboten und Getr\u00e4nkebecher gekennzeichnet. Was Sie jetzt wissen m\u00fcssen.\" \/>\n<meta name=\"robots\" content=\"index, follow, max-snippet:-1, max-image-preview:large, max-video-preview:-1\" \/>\n<link rel=\"canonical\" href=\"https:\/\/www.rausch-packaging.com\/blog\/de\/verpackungswissen\/verbot-einweg-kunststoff\/\" \/>\n<meta property=\"og:locale\" content=\"de_DE\" \/>\n<meta property=\"og:type\" content=\"article\" \/>\n<meta property=\"og:title\" content=\"Verbot von Einweg-Kunststoffprodukten \u2013 was Sie jetzt wissen m\u00fcssen\" \/>\n<meta property=\"og:description\" content=\"Ab dem 3.07.21 werden bestimmte Einweg-Verpackungen aus Kunststoff verboten und Getr\u00e4nkebecher gekennzeichnet. Was Sie jetzt wissen m\u00fcssen.\" \/>\n<meta property=\"og:url\" content=\"https:\/\/www.rausch-packaging.com\/blog\/de\/verpackungswissen\/verbot-einweg-kunststoff\/\" \/>\n<meta property=\"og:site_name\" content=\"RAUSCH-Blog\" \/>\n<meta property=\"article:published_time\" content=\"2021-04-23T15:02:08+00:00\" \/>\n<meta property=\"article:modified_time\" content=\"2021-07-26T09:48:56+00:00\" \/>\n<meta property=\"og:image\" content=\"https:\/\/www.rausch-packaging.com\/blog\/wp-content\/uploads\/2021\/04\/Hauptbild-KS_Verbot._neu.jpg\" \/>\n\t<meta property=\"og:image:width\" content=\"840\" \/>\n\t<meta property=\"og:image:height\" content=\"559\" \/>\n\t<meta property=\"og:image:type\" content=\"image\/jpeg\" \/>\n<meta name=\"author\" content=\"Johanna Veh\" \/>\n<meta name=\"twitter:card\" content=\"summary_large_image\" \/>\n<meta name=\"twitter:label1\" content=\"Verfasst von\" \/>\n\t<meta name=\"twitter:data1\" content=\"Johanna Veh\" \/>\n\t<meta name=\"twitter:label2\" content=\"Gesch\u00e4tzte Lesezeit\" \/>\n\t<meta name=\"twitter:data2\" content=\"9\u00a0Minuten\" \/>\n<script type=\"application\/ld+json\" class=\"yoast-schema-graph\">{\"@context\":\"https:\/\/schema.org\",\"@graph\":[{\"@type\":\"Article\",\"@id\":\"https:\/\/www.rausch-packaging.com\/blog\/de\/verpackungswissen\/verbot-einweg-kunststoff\/#article\",\"isPartOf\":{\"@id\":\"https:\/\/www.rausch-packaging.com\/blog\/de\/verpackungswissen\/verbot-einweg-kunststoff\/\"},\"author\":{\"name\":\"Johanna Veh\",\"@id\":\"https:\/\/www.rausch-packaging.com\/blog\/de\/#\/schema\/person\/ea448c0cddcc57a90471073376e655f1\"},\"headline\":\"Verbot von Einweg-Kunststoffprodukten \u2013 was Sie jetzt wissen m\u00fcssen\",\"datePublished\":\"2021-04-23T15:02:08+00:00\",\"dateModified\":\"2021-07-26T09:48:56+00:00\",\"mainEntityOfPage\":{\"@id\":\"https:\/\/www.rausch-packaging.com\/blog\/de\/verpackungswissen\/verbot-einweg-kunststoff\/\"},\"wordCount\":1523,\"commentCount\":0,\"publisher\":{\"@id\":\"https:\/\/www.rausch-packaging.com\/blog\/de\/#organization\"},\"image\":{\"@id\":\"https:\/\/www.rausch-packaging.com\/blog\/de\/verpackungswissen\/verbot-einweg-kunststoff\/#primaryimage\"},\"thumbnailUrl\":\"https:\/\/www.rausch-packaging.com\/blog\/wp-content\/uploads\/2021\/04\/Hauptbild-KS_Verbot._neu.jpg\",\"keywords\":[\"Gesetz\",\"Kunststoff\",\"Nachhaltigkeit\"],\"articleSection\":[\"Nachhaltigkeit\",\"Verpackungswissen\"],\"inLanguage\":\"de\",\"potentialAction\":[{\"@type\":\"CommentAction\",\"name\":\"Comment\",\"target\":[\"https:\/\/www.rausch-packaging.com\/blog\/de\/verpackungswissen\/verbot-einweg-kunststoff\/#respond\"]}]},{\"@type\":\"WebPage\",\"@id\":\"https:\/\/www.rausch-packaging.com\/blog\/de\/verpackungswissen\/verbot-einweg-kunststoff\/\",\"url\":\"https:\/\/www.rausch-packaging.com\/blog\/de\/verpackungswissen\/verbot-einweg-kunststoff\/\",\"name\":\"Verbot von Einweg-Kunststoffprodukten \u2013 was Sie jetzt wissen m\u00fcssen\",\"isPartOf\":{\"@id\":\"https:\/\/www.rausch-packaging.com\/blog\/de\/#website\"},\"primaryImageOfPage\":{\"@id\":\"https:\/\/www.rausch-packaging.com\/blog\/de\/verpackungswissen\/verbot-einweg-kunststoff\/#primaryimage\"},\"image\":{\"@id\":\"https:\/\/www.rausch-packaging.com\/blog\/de\/verpackungswissen\/verbot-einweg-kunststoff\/#primaryimage\"},\"thumbnailUrl\":\"https:\/\/www.rausch-packaging.com\/blog\/wp-content\/uploads\/2021\/04\/Hauptbild-KS_Verbot._neu.jpg\",\"datePublished\":\"2021-04-23T15:02:08+00:00\",\"dateModified\":\"2021-07-26T09:48:56+00:00\",\"description\":\"Ab dem 3.07.21 werden bestimmte Einweg-Verpackungen aus Kunststoff verboten und Getr\u00e4nkebecher gekennzeichnet. Was Sie jetzt wissen m\u00fcssen.\",\"breadcrumb\":{\"@id\":\"https:\/\/www.rausch-packaging.com\/blog\/de\/verpackungswissen\/verbot-einweg-kunststoff\/#breadcrumb\"},\"inLanguage\":\"de\",\"potentialAction\":[{\"@type\":\"ReadAction\",\"target\":[\"https:\/\/www.rausch-packaging.com\/blog\/de\/verpackungswissen\/verbot-einweg-kunststoff\/\"]}]},{\"@type\":\"ImageObject\",\"inLanguage\":\"de\",\"@id\":\"https:\/\/www.rausch-packaging.com\/blog\/de\/verpackungswissen\/verbot-einweg-kunststoff\/#primaryimage\",\"url\":\"https:\/\/www.rausch-packaging.com\/blog\/wp-content\/uploads\/2021\/04\/Hauptbild-KS_Verbot._neu.jpg\",\"contentUrl\":\"https:\/\/www.rausch-packaging.com\/blog\/wp-content\/uploads\/2021\/04\/Hauptbild-KS_Verbot._neu.jpg\",\"width\":840,\"height\":559,\"caption\":\"Wissenswertes zum EU-Kunststoffverbot\"},{\"@type\":\"BreadcrumbList\",\"@id\":\"https:\/\/www.rausch-packaging.com\/blog\/de\/verpackungswissen\/verbot-einweg-kunststoff\/#breadcrumb\",\"itemListElement\":[{\"@type\":\"ListItem\",\"position\":1,\"name\":\"Startseite\",\"item\":\"https:\/\/www.rausch-packaging.com\/blog\/de\/\"},{\"@type\":\"ListItem\",\"position\":2,\"name\":\"Verbot von Einweg-Kunststoffprodukten \u2013 was Sie jetzt wissen m\u00fcssen\"}]},{\"@type\":\"WebSite\",\"@id\":\"https:\/\/www.rausch-packaging.com\/blog\/de\/#website\",\"url\":\"https:\/\/www.rausch-packaging.com\/blog\/de\/\",\"name\":\"RAUSCH-Blog\",\"description\":\"\",\"publisher\":{\"@id\":\"https:\/\/www.rausch-packaging.com\/blog\/de\/#organization\"},\"potentialAction\":[{\"@type\":\"SearchAction\",\"target\":{\"@type\":\"EntryPoint\",\"urlTemplate\":\"https:\/\/www.rausch-packaging.com\/blog\/de\/?s={search_term_string}\"},\"query-input\":{\"@type\":\"PropertyValueSpecification\",\"valueRequired\":true,\"valueName\":\"search_term_string\"}}],\"inLanguage\":\"de\"},{\"@type\":\"Organization\",\"@id\":\"https:\/\/www.rausch-packaging.com\/blog\/de\/#organization\",\"name\":\"Rausch Verpackung\",\"url\":\"https:\/\/www.rausch-packaging.com\/blog\/de\/\",\"logo\":{\"@type\":\"ImageObject\",\"inLanguage\":\"de\",\"@id\":\"https:\/\/www.rausch-packaging.com\/blog\/de\/#\/schema\/logo\/image\/\",\"url\":\"https:\/\/www.rausch-packaging.com\/blog\/wp-content\/uploads\/2022\/04\/rausch-logo.svg\",\"contentUrl\":\"https:\/\/www.rausch-packaging.com\/blog\/wp-content\/uploads\/2022\/04\/rausch-logo.svg\",\"width\":1,\"height\":1,\"caption\":\"Rausch Verpackung\"},\"image\":{\"@id\":\"https:\/\/www.rausch-packaging.com\/blog\/de\/#\/schema\/logo\/image\/\"}},{\"@type\":\"Person\",\"@id\":\"https:\/\/www.rausch-packaging.com\/blog\/de\/#\/schema\/person\/ea448c0cddcc57a90471073376e655f1\",\"name\":\"Johanna Veh\",\"image\":{\"@type\":\"ImageObject\",\"inLanguage\":\"de\",\"@id\":\"https:\/\/www.rausch-packaging.com\/blog\/de\/#\/schema\/person\/image\/\",\"url\":\"https:\/\/secure.gravatar.com\/avatar\/34b1d372f4c5c8771c920d7185ad3cdbb4c0c74723f619ae116247c1940d52ec?s=96&d=mm&r=g\",\"contentUrl\":\"https:\/\/secure.gravatar.com\/avatar\/34b1d372f4c5c8771c920d7185ad3cdbb4c0c74723f619ae116247c1940d52ec?s=96&d=mm&r=g\",\"caption\":\"Johanna Veh\"}}]}<\/script>\n<!-- \/ Yoast SEO plugin. -->","yoast_head_json":{"title":"Verbot von Einweg-Kunststoffprodukten \u2013 was Sie jetzt wissen m\u00fcssen","description":"Ab dem 3.07.21 werden bestimmte Einweg-Verpackungen aus Kunststoff verboten und Getr\u00e4nkebecher gekennzeichnet. Was Sie jetzt wissen m\u00fcssen.","robots":{"index":"index","follow":"follow","max-snippet":"max-snippet:-1","max-image-preview":"max-image-preview:large","max-video-preview":"max-video-preview:-1"},"canonical":"https:\/\/www.rausch-packaging.com\/blog\/de\/verpackungswissen\/verbot-einweg-kunststoff\/","og_locale":"de_DE","og_type":"article","og_title":"Verbot von Einweg-Kunststoffprodukten \u2013 was Sie jetzt wissen m\u00fcssen","og_description":"Ab dem 3.07.21 werden bestimmte Einweg-Verpackungen aus Kunststoff verboten und Getr\u00e4nkebecher gekennzeichnet. Was Sie jetzt wissen m\u00fcssen.","og_url":"https:\/\/www.rausch-packaging.com\/blog\/de\/verpackungswissen\/verbot-einweg-kunststoff\/","og_site_name":"RAUSCH-Blog","article_published_time":"2021-04-23T15:02:08+00:00","article_modified_time":"2021-07-26T09:48:56+00:00","og_image":[{"width":840,"height":559,"url":"https:\/\/www.rausch-packaging.com\/blog\/wp-content\/uploads\/2021\/04\/Hauptbild-KS_Verbot._neu.jpg","type":"image\/jpeg"}],"author":"Johanna Veh","twitter_card":"summary_large_image","twitter_misc":{"Verfasst von":"Johanna Veh","Gesch\u00e4tzte Lesezeit":"9\u00a0Minuten"},"schema":{"@context":"https:\/\/schema.org","@graph":[{"@type":"Article","@id":"https:\/\/www.rausch-packaging.com\/blog\/de\/verpackungswissen\/verbot-einweg-kunststoff\/#article","isPartOf":{"@id":"https:\/\/www.rausch-packaging.com\/blog\/de\/verpackungswissen\/verbot-einweg-kunststoff\/"},"author":{"name":"Johanna Veh","@id":"https:\/\/www.rausch-packaging.com\/blog\/de\/#\/schema\/person\/ea448c0cddcc57a90471073376e655f1"},"headline":"Verbot von Einweg-Kunststoffprodukten \u2013 was Sie jetzt wissen m\u00fcssen","datePublished":"2021-04-23T15:02:08+00:00","dateModified":"2021-07-26T09:48:56+00:00","mainEntityOfPage":{"@id":"https:\/\/www.rausch-packaging.com\/blog\/de\/verpackungswissen\/verbot-einweg-kunststoff\/"},"wordCount":1523,"commentCount":0,"publisher":{"@id":"https:\/\/www.rausch-packaging.com\/blog\/de\/#organization"},"image":{"@id":"https:\/\/www.rausch-packaging.com\/blog\/de\/verpackungswissen\/verbot-einweg-kunststoff\/#primaryimage"},"thumbnailUrl":"https:\/\/www.rausch-packaging.com\/blog\/wp-content\/uploads\/2021\/04\/Hauptbild-KS_Verbot._neu.jpg","keywords":["Gesetz","Kunststoff","Nachhaltigkeit"],"articleSection":["Nachhaltigkeit","Verpackungswissen"],"inLanguage":"de","potentialAction":[{"@type":"CommentAction","name":"Comment","target":["https:\/\/www.rausch-packaging.com\/blog\/de\/verpackungswissen\/verbot-einweg-kunststoff\/#respond"]}]},{"@type":"WebPage","@id":"https:\/\/www.rausch-packaging.com\/blog\/de\/verpackungswissen\/verbot-einweg-kunststoff\/","url":"https:\/\/www.rausch-packaging.com\/blog\/de\/verpackungswissen\/verbot-einweg-kunststoff\/","name":"Verbot von Einweg-Kunststoffprodukten \u2013 was Sie jetzt wissen m\u00fcssen","isPartOf":{"@id":"https:\/\/www.rausch-packaging.com\/blog\/de\/#website"},"primaryImageOfPage":{"@id":"https:\/\/www.rausch-packaging.com\/blog\/de\/verpackungswissen\/verbot-einweg-kunststoff\/#primaryimage"},"image":{"@id":"https:\/\/www.rausch-packaging.com\/blog\/de\/verpackungswissen\/verbot-einweg-kunststoff\/#primaryimage"},"thumbnailUrl":"https:\/\/www.rausch-packaging.com\/blog\/wp-content\/uploads\/2021\/04\/Hauptbild-KS_Verbot._neu.jpg","datePublished":"2021-04-23T15:02:08+00:00","dateModified":"2021-07-26T09:48:56+00:00","description":"Ab dem 3.07.21 werden bestimmte Einweg-Verpackungen aus Kunststoff verboten und Getr\u00e4nkebecher gekennzeichnet. Was Sie jetzt wissen m\u00fcssen.","breadcrumb":{"@id":"https:\/\/www.rausch-packaging.com\/blog\/de\/verpackungswissen\/verbot-einweg-kunststoff\/#breadcrumb"},"inLanguage":"de","potentialAction":[{"@type":"ReadAction","target":["https:\/\/www.rausch-packaging.com\/blog\/de\/verpackungswissen\/verbot-einweg-kunststoff\/"]}]},{"@type":"ImageObject","inLanguage":"de","@id":"https:\/\/www.rausch-packaging.com\/blog\/de\/verpackungswissen\/verbot-einweg-kunststoff\/#primaryimage","url":"https:\/\/www.rausch-packaging.com\/blog\/wp-content\/uploads\/2021\/04\/Hauptbild-KS_Verbot._neu.jpg","contentUrl":"https:\/\/www.rausch-packaging.com\/blog\/wp-content\/uploads\/2021\/04\/Hauptbild-KS_Verbot._neu.jpg","width":840,"height":559,"caption":"Wissenswertes zum EU-Kunststoffverbot"},{"@type":"BreadcrumbList","@id":"https:\/\/www.rausch-packaging.com\/blog\/de\/verpackungswissen\/verbot-einweg-kunststoff\/#breadcrumb","itemListElement":[{"@type":"ListItem","position":1,"name":"Startseite","item":"https:\/\/www.rausch-packaging.com\/blog\/de\/"},{"@type":"ListItem","position":2,"name":"Verbot von Einweg-Kunststoffprodukten \u2013 was Sie jetzt wissen m\u00fcssen"}]},{"@type":"WebSite","@id":"https:\/\/www.rausch-packaging.com\/blog\/de\/#website","url":"https:\/\/www.rausch-packaging.com\/blog\/de\/","name":"RAUSCH-Blog","description":"","publisher":{"@id":"https:\/\/www.rausch-packaging.com\/blog\/de\/#organization"},"potentialAction":[{"@type":"SearchAction","target":{"@type":"EntryPoint","urlTemplate":"https:\/\/www.rausch-packaging.com\/blog\/de\/?s={search_term_string}"},"query-input":{"@type":"PropertyValueSpecification","valueRequired":true,"valueName":"search_term_string"}}],"inLanguage":"de"},{"@type":"Organization","@id":"https:\/\/www.rausch-packaging.com\/blog\/de\/#organization","name":"Rausch Verpackung","url":"https:\/\/www.rausch-packaging.com\/blog\/de\/","logo":{"@type":"ImageObject","inLanguage":"de","@id":"https:\/\/www.rausch-packaging.com\/blog\/de\/#\/schema\/logo\/image\/","url":"https:\/\/www.rausch-packaging.com\/blog\/wp-content\/uploads\/2022\/04\/rausch-logo.svg","contentUrl":"https:\/\/www.rausch-packaging.com\/blog\/wp-content\/uploads\/2022\/04\/rausch-logo.svg","width":1,"height":1,"caption":"Rausch Verpackung"},"image":{"@id":"https:\/\/www.rausch-packaging.com\/blog\/de\/#\/schema\/logo\/image\/"}},{"@type":"Person","@id":"https:\/\/www.rausch-packaging.com\/blog\/de\/#\/schema\/person\/ea448c0cddcc57a90471073376e655f1","name":"Johanna Veh","image":{"@type":"ImageObject","inLanguage":"de","@id":"https:\/\/www.rausch-packaging.com\/blog\/de\/#\/schema\/person\/image\/","url":"https:\/\/secure.gravatar.com\/avatar\/34b1d372f4c5c8771c920d7185ad3cdbb4c0c74723f619ae116247c1940d52ec?s=96&d=mm&r=g","contentUrl":"https:\/\/secure.gravatar.com\/avatar\/34b1d372f4c5c8771c920d7185ad3cdbb4c0c74723f619ae116247c1940d52ec?s=96&d=mm&r=g","caption":"Johanna Veh"}}]}},"magento_index":false,"_links":{"self":[{"href":"https:\/\/www.rausch-packaging.com\/blog\/de\/wp-json\/wp\/v2\/posts\/6903","targetHints":{"allow":["GET"]}}],"collection":[{"href":"https:\/\/www.rausch-packaging.com\/blog\/de\/wp-json\/wp\/v2\/posts"}],"about":[{"href":"https:\/\/www.rausch-packaging.com\/blog\/de\/wp-json\/wp\/v2\/types\/post"}],"author":[{"embeddable":true,"href":"https:\/\/www.rausch-packaging.com\/blog\/de\/wp-json\/wp\/v2\/users\/3"}],"replies":[{"embeddable":true,"href":"https:\/\/www.rausch-packaging.com\/blog\/de\/wp-json\/wp\/v2\/comments?post=6903"}],"version-history":[{"count":24,"href":"https:\/\/www.rausch-packaging.com\/blog\/de\/wp-json\/wp\/v2\/posts\/6903\/revisions"}],"predecessor-version":[{"id":8061,"href":"https:\/\/www.rausch-packaging.com\/blog\/de\/wp-json\/wp\/v2\/posts\/6903\/revisions\/8061"}],"wp:featuredmedia":[{"embeddable":true,"href":"https:\/\/www.rausch-packaging.com\/blog\/de\/wp-json\/wp\/v2\/media\/7260"}],"wp:attachment":[{"href":"https:\/\/www.rausch-packaging.com\/blog\/de\/wp-json\/wp\/v2\/media?parent=6903"}],"wp:term":[{"taxonomy":"category","embeddable":true,"href":"https:\/\/www.rausch-packaging.com\/blog\/de\/wp-json\/wp\/v2\/categories?post=6903"},{"taxonomy":"post_tag","embeddable":true,"href":"https:\/\/www.rausch-packaging.com\/blog\/de\/wp-json\/wp\/v2\/tags?post=6903"},{"taxonomy":"m2-product-id","embeddable":true,"href":"https:\/\/www.rausch-packaging.com\/blog\/de\/wp-json\/wp\/v2\/m2-product-id?post=6903"},{"taxonomy":"table_tags","embeddable":true,"href":"https:\/\/www.rausch-packaging.com\/blog\/de\/wp-json\/wp\/v2\/table_tags?post=6903"}],"curies":[{"name":"wp","href":"https:\/\/api.w.org\/{rel}","templated":true}]}}